{"id":154002,"date":"2023-02-02T22:08:30","date_gmt":"2023-02-03T01:08:30","guid":{"rendered":"https:\/\/www.cronicasdeitarantim.com.br\/v1\/?p=154002"},"modified":"2023-02-02T22:08:30","modified_gmt":"2023-02-03T01:08:30","slug":"em-cidade-baiana-mp-recomenda-demissao-de-nomeados-apos-identificar-nepotismo","status":"publish","type":"post","link":"https:\/\/www.cronicasdeitarantim.com.br\/v1\/2023\/02\/02\/em-cidade-baiana-mp-recomenda-demissao-de-nomeados-apos-identificar-nepotismo\/","title":{"rendered":"Em cidade baiana MP recomenda demiss\u00e3o de nomeados ap\u00f3s identificar nepotismo"},"content":{"rendered":"<div class=\"entry-content\">\n<p>O Minist\u00e9rio P\u00fablico da Bahia recomendou ao munic\u00edpio de Macaubas, no sudoeste da Bahia, a demiss\u00e3o, em at\u00e9 15 dias, de servidores nomeados que configurem nepotismo. A recomenda\u00e7\u00e3o foi expedida ap\u00f3s o MPBA tomar ci\u00eancia de casos de nepotismo no munic\u00edpio.<\/p>\n<p>O documento, expedido pelo promotor de Justi\u00e7a Victor Teixeira Santana, tamb\u00e9m recomenda ao Prefeito da cidade o envio de um projeto de lei para a C\u00e2mara de Vereadores a fim de estabelecer expressamente a proibi\u00e7\u00e3o da pr\u00e1tica.<\/p>\n<p>No documento o MPBA redonda que sejam anuladas as nomea\u00e7\u00f5es de c\u00f4njuges, companheiros ou parentes em linha reta, colateral ou por afinidade, at\u00e9 o terceiro grau, do Prefeito e Vice-Prefeito, dos Secret\u00e1rios Municipais, dos dirigentes da Administra\u00e7\u00e3o P\u00fablica Indireta, dos membros da Casa Legislativa Municipal.<\/p>\n<p>Tamb\u00e9m foi orientado que o Munic\u00edpio anule as nomea\u00e7\u00f5es daqueles que possuem rela\u00e7\u00e3o familiar com autoridades ou servidores de outra pessoa jur\u00eddica que tenham sido designados em reciprocidade a outras nomea\u00e7\u00f5es ou por for\u00e7a de troca de favores de qualquer natureza.<\/p>\n<p>O promotor de Justi\u00e7a recomendou ainda que os pr\u00f3ximos nomeados para os referidos cargos assinem uma declara\u00e7\u00e3o atestando que n\u00e3o se encontram nas situa\u00e7\u00f5es de nepotismo.<\/p>\n<p>O projeto de lei sugerido na recomenda\u00e7\u00e3o tem o prop\u00f3sito, tamb\u00e9m, de estipular a obrigatoriedade da assinatura desta declara\u00e7\u00e3o.<\/p>\n<p>As informa\u00e7\u00f5es s\u00e3o do MPBA<\/p>\n<\/div>\n<footer class=\"entry-footer\">\n<div class=\"breadcrumb\">\n<div id=\"st-1\" class=\"sharethis-inline-share-buttons st-justified st-lang-pt st-has-labels  st-inline-share-buttons st-animated\" data-title=\"MACA\u00daBAS: MP recomenda demiss\u00e3o de nomeados ap\u00f3s identificar nepotismo\" data-url=\"https:\/\/justicanointerior.com.br\/macaubas-mp-recomenda-demissao-de-nomeados-apos-identificar-nepotismo\/\"><\/div>\n<\/div>\n<\/footer>\n","protected":false},"excerpt":{"rendered":"<p>O Minist\u00e9rio P\u00fablico da Bahia recomendou ao munic\u00edpio de Macaubas, no sudoeste da Bahia, a demiss\u00e3o, em at\u00e9 15 dias, de servidores nomeados que configurem nepotismo. A recomenda\u00e7\u00e3o foi expedida ap\u00f3s o MPBA tomar ci\u00eancia de casos de nepotismo no munic\u00edpio. O documento, expedido pelo promotor de Justi\u00e7a Victor Teixeira Santana, tamb\u00e9m recomenda ao Prefeito da cidade o envio de um projeto de lei para a C\u00e2mara de Vereadores a fim de estabelecer expressamente a proibi\u00e7\u00e3o da pr\u00e1tica. No documento o MPBA redonda que sejam anuladas as nomea\u00e7\u00f5es de c\u00f4njuges, companheiros ou parentes em linha reta, colateral ou por afinidade, [&hellip;]<\/p>\n","protected":false},"author":4,"featured_media":154003,"comment_status":"open","ping_status":"open","sticky":false,"template":"","format":"standard","meta":[],"categories":[295],"tags":[],"_links":{"self":[{"href":"https:\/\/www.cronicasdeitarantim.com.br\/v1\/wp-json\/wp\/v2\/posts\/154002"}],"collection":[{"href":"https:\/\/www.cronicasdeitarantim.com.br\/v1\/wp-json\/wp\/v2\/posts"}],"about":[{"href":"https:\/\/www.cronicasdeitarantim.com.br\/v1\/wp-json\/wp\/v2\/types\/post"}],"author":[{"embeddable":true,"href":"https:\/\/www.cronicasdeitarantim.com.br\/v1\/wp-json\/wp\/v2\/users\/4"}],"replies":[{"embeddable":true,"href":"https:\/\/www.cronicasdeitarantim.com.br\/v1\/wp-json\/wp\/v2\/comments?post=154002"}],"version-history":[{"count":1,"href":"https:\/\/www.cronicasdeitarantim.com.br\/v1\/wp-json\/wp\/v2\/posts\/154002\/revisions"}],"predecessor-version":[{"id":154004,"href":"https:\/\/www.cronicasdeitarantim.com.br\/v1\/wp-json\/wp\/v2\/posts\/154002\/revisions\/154004"}],"wp:featuredmedia":[{"embeddable":true,"href":"https:\/\/www.cronicasdeitarantim.com.br\/v1\/wp-json\/wp\/v2\/media\/154003"}],"wp:attachment":[{"href":"https:\/\/www.cronicasdeitarantim.com.br\/v1\/wp-json\/wp\/v2\/media?parent=154002"}],"wp:term":[{"taxonomy":"category","embeddable":true,"href":"https:\/\/www.cronicasdeitarantim.com.br\/v1\/wp-json\/wp\/v2\/categories?post=154002"},{"taxonomy":"post_tag","embeddable":true,"href":"https:\/\/www.cronicasdeitarantim.com.br\/v1\/wp-json\/wp\/v2\/tags?post=154002"}],"curies":[{"name":"wp","href":"https:\/\/api.w.org\/{rel}","templated":true}]}}