{"id":153913,"date":"2023-01-30T19:27:15","date_gmt":"2023-01-30T22:27:15","guid":{"rendered":"https:\/\/www.cronicasdeitarantim.com.br\/v1\/?p=153913"},"modified":"2023-01-30T19:58:11","modified_gmt":"2023-01-30T22:58:11","slug":"pre-candidata-a-prefeita-de-potiragua-cristina-brige-comenta-entrevista-do-sec-de-administracao","status":"publish","type":"post","link":"https:\/\/www.cronicasdeitarantim.com.br\/v1\/2023\/01\/30\/pre-candidata-a-prefeita-de-potiragua-cristina-brige-comenta-entrevista-do-sec-de-administracao\/","title":{"rendered":"Pr\u00e9-candidata a prefeita de Potiragu\u00e1, Cristina Brige, comenta entrevista do S\u00e9c. de administra\u00e7\u00e3o"},"content":{"rendered":"<p>Quem acompanha o dia a dia da pol\u00edtica de Potiragu\u00e1, sabe que j\u00e1 come\u00e7ou o embate sobre a sucess\u00e3o de 2024. De um lado, representando a base do atual prefeito Jorge Cheles, o Sec. de agricultura e pr\u00e9-candidato Elias de Carvalho, e do outro lado, representando a oposi\u00e7\u00e3o a ex-vereadora e pr\u00e9-candidata a prefeita Cristina Brige.<\/p>\n<p>O site manteve contato com Cristina e pediu para ela comentar sobre a entrevista que o Sec. de administra\u00e7\u00e3o e filho do prefeito, Diego Cheles, deu nesta segunda-feira (30) para a r\u00e1dio Itarantim FM, em que disse que a cidade de Potiragu\u00e1 atravessa um bom momento, no aumento da popula\u00e7\u00e3o que influencia diretamente na arrecada\u00e7\u00e3o da cidade, inclusive na sa\u00fade e educa\u00e7\u00e3o e que a popula\u00e7\u00e3o est\u00e1 de parab\u00e9ns e destacou outros avan\u00e7os como o est\u00e1dio que ainda est\u00e1 por vir.<\/p>\n<blockquote><p>\u201cPotiragu\u00e1 n\u00e3o merece um representante que brinque com o futuro e nem deboche da atual realidade em que o nosso povo est\u00e1 passando; o filho do prefeito vive em um mundo da fantasia em rela\u00e7\u00e3o a Potiragu\u00e1; como concede uma entrevista dizendo que tudo est\u00e1 mil maravilhas, que existe um bel\u00edssimo trabalho e ainda tem coragem de dizer que ajuda as fam\u00edlias carentes.<\/p><\/blockquote>\n<p>A ex-vereadora voltou a afirmar que a cidade est\u00e1 atravessando um momento dif\u00edcil, regado a irresponsabilidade com dinheiro p\u00fablico e gan\u00e2ncia pelo poder e que isso pode ser ainda mais danoso para o futuro da popula\u00e7\u00e3o se essas pessoas permanecerem no comando da cidade.<\/p>\n<blockquote><p>\u201cEle diz que j\u00e1 est\u00e1 h\u00e1 6 anos no poder podendo completar oito; ouve algumas transforma\u00e7\u00f5es no primeiro mandando, mas todos sabem que o segundo mandato est\u00e1 servindo para tirar o que j\u00e1 investiu nos \u00faltimos anos. Entraram 37 milh\u00f5es nos cofres da prefeitura no ano passado e para aonde foi esse dinheiro todo? O que vemos \u00e9 uma cidade sucateada, esburacada, tem at\u00e9 morador capinando o cemit\u00e9rio p\u00fablico, quer dizer falta at\u00e9 respeito com a mem\u00f3ria das pessoas; a sa\u00fade est\u00e1 na UTI, inclusive faltando rem\u00e9dios b\u00e1sicos para hipertens\u00e3o. Existem pais e m\u00e3es desesperados por n\u00e3o terem o que comer em casa, por que falta dinheiro e cr\u00e9dito para comprar no com\u00e9rcio, isso tudo porque o secret\u00e1rio que \u00e9 de administra\u00e7\u00e3o, n\u00e3o consegue administrar para que as pessoas recebam os seus sal\u00e1rios que est\u00e3o com dois a tr\u00eas meses de atraso. Paga um e deve 3 isso \u00e9 desumano!\u201d finaliza a pr\u00e9-candidata a prefeita Cristina Brige.<\/p><\/blockquote>\n<p>Perguntamos sobre o ocorrido no \u00faltimo final de semana onde o prefeito e o seu prov\u00e1vel sucessor Elias de Carvalho e suposto vice Z\u00e9 Amaral, aparecem num v\u00eddeo com apoiadores regado a muita bebida, ela foi sucinta ao comentar a respeito.<\/p>\n<blockquote><p>\u201cEles s\u00e3o a elite da pol\u00edtica e acha que podem tudo! Penso que eles podem beber o quanto quiserem desde que seja com o dinheiro deles e n\u00e3o do povo. Estou me referindo aos nossos representantes que deveriam dar exemplo como por exemplo mandar pagar os sal\u00e1rios atrasados\u201d, finaliza.<\/p><\/blockquote>\n","protected":false},"excerpt":{"rendered":"<p>Quem acompanha o dia a dia da pol\u00edtica de Potiragu\u00e1, sabe que j\u00e1 come\u00e7ou o embate sobre a sucess\u00e3o de 2024. De um lado, representando a base do atual prefeito Jorge Cheles, o Sec. de agricultura e pr\u00e9-candidato Elias de Carvalho, e do outro lado, representando a oposi\u00e7\u00e3o a ex-vereadora e pr\u00e9-candidata a prefeita Cristina Brige. O site manteve contato com Cristina e pediu para ela comentar sobre a entrevista que o Sec. de administra\u00e7\u00e3o e filho do prefeito, Diego Cheles, deu nesta segunda-feira (30) para a r\u00e1dio Itarantim FM, em que disse que a cidade de Potiragu\u00e1 atravessa um [&hellip;]<\/p>\n","protected":false},"author":4,"featured_media":153306,"comment_status":"open","ping_status":"open","sticky":false,"template":"","format":"standard","meta":[],"categories":[304],"tags":[437],"_links":{"self":[{"href":"https:\/\/www.cronicasdeitarantim.com.br\/v1\/wp-json\/wp\/v2\/posts\/153913"}],"collection":[{"href":"https:\/\/www.cronicasdeitarantim.com.br\/v1\/wp-json\/wp\/v2\/posts"}],"about":[{"href":"https:\/\/www.cronicasdeitarantim.com.br\/v1\/wp-json\/wp\/v2\/types\/post"}],"author":[{"embeddable":true,"href":"https:\/\/www.cronicasdeitarantim.com.br\/v1\/wp-json\/wp\/v2\/users\/4"}],"replies":[{"embeddable":true,"href":"https:\/\/www.cronicasdeitarantim.com.br\/v1\/wp-json\/wp\/v2\/comments?post=153913"}],"version-history":[{"count":5,"href":"https:\/\/www.cronicasdeitarantim.com.br\/v1\/wp-json\/wp\/v2\/posts\/153913\/revisions"}],"predecessor-version":[{"id":153918,"href":"https:\/\/www.cronicasdeitarantim.com.br\/v1\/wp-json\/wp\/v2\/posts\/153913\/revisions\/153918"}],"wp:featuredmedia":[{"embeddable":true,"href":"https:\/\/www.cronicasdeitarantim.com.br\/v1\/wp-json\/wp\/v2\/media\/153306"}],"wp:attachment":[{"href":"https:\/\/www.cronicasdeitarantim.com.br\/v1\/wp-json\/wp\/v2\/media?parent=153913"}],"wp:term":[{"taxonomy":"category","embeddable":true,"href":"https:\/\/www.cronicasdeitarantim.com.br\/v1\/wp-json\/wp\/v2\/categories?post=153913"},{"taxonomy":"post_tag","embeddable":true,"href":"https:\/\/www.cronicasdeitarantim.com.br\/v1\/wp-json\/wp\/v2\/tags?post=153913"}],"curies":[{"name":"wp","href":"https:\/\/api.w.org\/{rel}","templated":true}]}}