{"id":153869,"date":"2023-01-29T11:48:59","date_gmt":"2023-01-29T14:48:59","guid":{"rendered":"https:\/\/www.cronicasdeitarantim.com.br\/v1\/?p=153869"},"modified":"2023-01-29T11:48:59","modified_gmt":"2023-01-29T14:48:59","slug":"pelo-zonal-feminino-de-futsal-selecao-de-maiquinique-vence-mais-uma-e-vai-para-semifinal","status":"publish","type":"post","link":"https:\/\/www.cronicasdeitarantim.com.br\/v1\/2023\/01\/29\/pelo-zonal-feminino-de-futsal-selecao-de-maiquinique-vence-mais-uma-e-vai-para-semifinal\/","title":{"rendered":"Pelo Zonal Feminino de Futsal Sele\u00e7\u00e3o de Maiquinique vence mais uma e vai para semifinal"},"content":{"rendered":"<p>A sele\u00e7\u00e3o de Maiquinique feminina de futsal que est\u00e1 disputando o 6\u00b0 Zonal do Campeonato de Futsal do Sudoeste, venceu mais uma partida e agora ir\u00e1 disputar a semifinal para garantir uma vaga na segunda etapa do certame.<\/p>\n<p>As meninas de Maiquinique venceram o selecionado de Potiragu\u00e1 pelo placar de 4 a 1. Agora a sele\u00e7\u00e3o pegar\u00e1 no per\u00edodo da tarde disputando uma vaga para grande final um outro time da cidade de Potiragu\u00e1.<\/p>\n<p>As duas sele\u00e7\u00f5es finalistas classificar\u00e3o para a segunda etapa do zonal que acontecer\u00e1 em cidades da regi\u00e3o sudoeste.<\/p>\n<p>A secretaria de esporte da prefeitura, o secret\u00e1rio Jo\u00e3o Vitor e a prefeita Val\u00e9ria Silveira, vem acompanhando e dando todo suporte log\u00edstico \u00e0s meninas que na primeira partida neste s\u00e1bado (28) venceram seu jogo de abertura contra a sele\u00e7\u00e3o de Itamb\u00e9 por um placar el\u00e1stico de 4 a 0.<\/p>\n","protected":false},"excerpt":{"rendered":"<p>A sele\u00e7\u00e3o de Maiquinique feminina de futsal que est\u00e1 disputando o 6\u00b0 Zonal do Campeonato de Futsal do Sudoeste, venceu mais uma partida e agora ir\u00e1 disputar a semifinal para garantir uma vaga na segunda etapa do certame. As meninas de Maiquinique venceram o selecionado de Potiragu\u00e1 pelo placar de 4 a 1. Agora a sele\u00e7\u00e3o pegar\u00e1 no per\u00edodo da tarde disputando uma vaga para grande final um outro time da cidade de Potiragu\u00e1. As duas sele\u00e7\u00f5es finalistas classificar\u00e3o para a segunda etapa do zonal que acontecer\u00e1 em cidades da regi\u00e3o sudoeste. A secretaria de esporte da prefeitura, o secret\u00e1rio [&hellip;]<\/p>\n","protected":false},"author":4,"featured_media":0,"comment_status":"open","ping_status":"open","sticky":false,"template":"","format":"standard","meta":[],"categories":[299],"tags":[392,1768],"_links":{"self":[{"href":"https:\/\/www.cronicasdeitarantim.com.br\/v1\/wp-json\/wp\/v2\/posts\/153869"}],"collection":[{"href":"https:\/\/www.cronicasdeitarantim.com.br\/v1\/wp-json\/wp\/v2\/posts"}],"about":[{"href":"https:\/\/www.cronicasdeitarantim.com.br\/v1\/wp-json\/wp\/v2\/types\/post"}],"author":[{"embeddable":true,"href":"https:\/\/www.cronicasdeitarantim.com.br\/v1\/wp-json\/wp\/v2\/users\/4"}],"replies":[{"embeddable":true,"href":"https:\/\/www.cronicasdeitarantim.com.br\/v1\/wp-json\/wp\/v2\/comments?post=153869"}],"version-history":[{"count":1,"href":"https:\/\/www.cronicasdeitarantim.com.br\/v1\/wp-json\/wp\/v2\/posts\/153869\/revisions"}],"predecessor-version":[{"id":153871,"href":"https:\/\/www.cronicasdeitarantim.com.br\/v1\/wp-json\/wp\/v2\/posts\/153869\/revisions\/153871"}],"wp:attachment":[{"href":"https:\/\/www.cronicasdeitarantim.com.br\/v1\/wp-json\/wp\/v2\/media?parent=153869"}],"wp:term":[{"taxonomy":"category","embeddable":true,"href":"https:\/\/www.cronicasdeitarantim.com.br\/v1\/wp-json\/wp\/v2\/categories?post=153869"},{"taxonomy":"post_tag","embeddable":true,"href":"https:\/\/www.cronicasdeitarantim.com.br\/v1\/wp-json\/wp\/v2\/tags?post=153869"}],"curies":[{"name":"wp","href":"https:\/\/api.w.org\/{rel}","templated":true}]}}