{"id":153162,"date":"2023-01-02T12:22:41","date_gmt":"2023-01-02T15:22:41","guid":{"rendered":"https:\/\/www.cronicasdeitarantim.com.br\/v1\/?p=153162"},"modified":"2023-01-02T13:12:57","modified_gmt":"2023-01-02T16:12:57","slug":"ponte-que-desabou-na-estrada-de-ribeirao-so-estava-liberada-para-veiculo-pequeno","status":"publish","type":"post","link":"https:\/\/www.cronicasdeitarantim.com.br\/v1\/2023\/01\/02\/ponte-que-desabou-na-estrada-de-ribeirao-so-estava-liberada-para-veiculo-pequeno\/","title":{"rendered":"Ponte que desabou na estrada de Ribeir\u00e3o s\u00f3 estava liberada para ve\u00edculo pequeno"},"content":{"rendered":"<h4>Ponte que tinha desabado na estrada que liga Maiquinque ao distrito de Ribeir\u00e3o do Salto s\u00f3 estava liberada para transporte pequeno.<\/h4>\n<p>A Secretaria de Transportes de Maiquinique esclarece a popula\u00e7\u00e3o em geral que o servi\u00e7o emergencial realizado na estrada que d\u00e1 acesso ao distrito de Ribeir\u00e3o foi liberado apenas para ve\u00edculos pequenos e leves como ambul\u00e2ncia e para transporte de pessoas ou g\u00eaneros de primeira necessidade, conforme divulgado nas redes sociais oficiais do Munic\u00edpio.<\/p>\n<p>Inclusive no local onde foi feito o servi\u00e7o emergencial duas placas foram instaladas alertando que o tr\u00e1fego dos ve\u00edculos de grande porte como caminh\u00f5es, ca\u00e7ambas e carretas estavam proibidos sob o risco de desabamento.<\/p>\n<p>A prefeitura afirma que realiza trabalho para facilitar a vida do cidad\u00e3o com transpar\u00eancia e profissionalismo. Mais uma vez alertamos que somente ve\u00edculos pequenos e leves est\u00e3o autorizados a passar para a regi\u00e3o do Ribeir\u00e3o.<\/p>\n<p>&nbsp;<\/p>\n","protected":false},"excerpt":{"rendered":"<p>Ponte que tinha desabado na estrada que liga Maiquinque ao distrito de Ribeir\u00e3o do Salto s\u00f3 estava liberada para transporte pequeno. A Secretaria de Transportes de Maiquinique esclarece a popula\u00e7\u00e3o em geral que o servi\u00e7o emergencial realizado na estrada que d\u00e1 acesso ao distrito de Ribeir\u00e3o foi liberado apenas para ve\u00edculos pequenos e leves como ambul\u00e2ncia e para transporte de pessoas ou g\u00eaneros de primeira necessidade, conforme divulgado nas redes sociais oficiais do Munic\u00edpio. Inclusive no local onde foi feito o servi\u00e7o emergencial duas placas foram instaladas alertando que o tr\u00e1fego dos ve\u00edculos de grande porte como caminh\u00f5es, ca\u00e7ambas e [&hellip;]<\/p>\n","protected":false},"author":4,"featured_media":153163,"comment_status":"open","ping_status":"open","sticky":false,"template":"","format":"standard","meta":[],"categories":[1448],"tags":[392],"_links":{"self":[{"href":"https:\/\/www.cronicasdeitarantim.com.br\/v1\/wp-json\/wp\/v2\/posts\/153162"}],"collection":[{"href":"https:\/\/www.cronicasdeitarantim.com.br\/v1\/wp-json\/wp\/v2\/posts"}],"about":[{"href":"https:\/\/www.cronicasdeitarantim.com.br\/v1\/wp-json\/wp\/v2\/types\/post"}],"author":[{"embeddable":true,"href":"https:\/\/www.cronicasdeitarantim.com.br\/v1\/wp-json\/wp\/v2\/users\/4"}],"replies":[{"embeddable":true,"href":"https:\/\/www.cronicasdeitarantim.com.br\/v1\/wp-json\/wp\/v2\/comments?post=153162"}],"version-history":[{"count":3,"href":"https:\/\/www.cronicasdeitarantim.com.br\/v1\/wp-json\/wp\/v2\/posts\/153162\/revisions"}],"predecessor-version":[{"id":153167,"href":"https:\/\/www.cronicasdeitarantim.com.br\/v1\/wp-json\/wp\/v2\/posts\/153162\/revisions\/153167"}],"wp:featuredmedia":[{"embeddable":true,"href":"https:\/\/www.cronicasdeitarantim.com.br\/v1\/wp-json\/wp\/v2\/media\/153163"}],"wp:attachment":[{"href":"https:\/\/www.cronicasdeitarantim.com.br\/v1\/wp-json\/wp\/v2\/media?parent=153162"}],"wp:term":[{"taxonomy":"category","embeddable":true,"href":"https:\/\/www.cronicasdeitarantim.com.br\/v1\/wp-json\/wp\/v2\/categories?post=153162"},{"taxonomy":"post_tag","embeddable":true,"href":"https:\/\/www.cronicasdeitarantim.com.br\/v1\/wp-json\/wp\/v2\/tags?post=153162"}],"curies":[{"name":"wp","href":"https:\/\/api.w.org\/{rel}","templated":true}]}}