{"id":153010,"date":"2022-12-26T13:20:16","date_gmt":"2022-12-26T16:20:16","guid":{"rendered":"https:\/\/www.cronicasdeitarantim.com.br\/v1\/?p=153010"},"modified":"2022-12-26T13:20:16","modified_gmt":"2022-12-26T16:20:16","slug":"com-quatro-nomes-bahia-mostra-que-tera-forca-politica-no-futuro-governo-lula","status":"publish","type":"post","link":"https:\/\/www.cronicasdeitarantim.com.br\/v1\/2022\/12\/26\/com-quatro-nomes-bahia-mostra-que-tera-forca-politica-no-futuro-governo-lula\/","title":{"rendered":"Com quatro nomes, Bahia mostra que ter\u00e1 for\u00e7a pol\u00edtica no futuro governo Lula"},"content":{"rendered":"<div class=\"styles__Body-sc-1ffquwr-7 ePhtZb\">\n<p>Com quatro nomes, a Bahia mostra que ter\u00e1 for\u00e7a pol\u00edtica no futuro governo do presidente Luiz In\u00e1cio Lula da Silva (PT), que come\u00e7a no pr\u00f3ximo domingo (1\u00ba).<\/p>\n<p>O governador da Bahia, Rui Costa (PT), ser\u00e1 ministro da Casa Civil. A cantora Margareth Menezes vai comandar o Minist\u00e9rio da Cultura.<\/p>\n<p>Al\u00e9m deles, Jo\u00e3o Jorge vai ser o novo presidente da Funda\u00e7\u00e3o Cultural Palmares, e o atual secret\u00e1rio estadual de Infraestrutura, Marcus Cavalcanti, ser\u00e1 secret\u00e1rio especial do Programa de Parcerias e Investimentos (PPI), pasta vinculada ao Minist\u00e9rio da Casa Civil.<\/p>\n<p>O site Metro1 afirmou que ainda \u00e9 poss\u00edvel que o n\u00famero de baianos presentes se amplie, mas tudo ainda est\u00e1 na base da especula\u00e7\u00e3o. \u00a0A Bahia foi considerada um estado decisivo para a vit\u00f3ria de Lula.<\/p>\n<\/div>\n<div class=\"styles__RelatedWrapper-sc-1ffquwr-8 byMLWm\"><\/div>\n","protected":false},"excerpt":{"rendered":"<p>Com quatro nomes, a Bahia mostra que ter\u00e1 for\u00e7a pol\u00edtica no futuro governo do presidente Luiz In\u00e1cio Lula da Silva (PT), que come\u00e7a no pr\u00f3ximo domingo (1\u00ba). O governador da Bahia, Rui Costa (PT), ser\u00e1 ministro da Casa Civil. A cantora Margareth Menezes vai comandar o Minist\u00e9rio da Cultura. Al\u00e9m deles, Jo\u00e3o Jorge vai ser o novo presidente da Funda\u00e7\u00e3o Cultural Palmares, e o atual secret\u00e1rio estadual de Infraestrutura, Marcus Cavalcanti, ser\u00e1 secret\u00e1rio especial do Programa de Parcerias e Investimentos (PPI), pasta vinculada ao Minist\u00e9rio da Casa Civil. O site Metro1 afirmou que ainda \u00e9 poss\u00edvel que o n\u00famero de [&hellip;]<\/p>\n","protected":false},"author":4,"featured_media":153011,"comment_status":"open","ping_status":"open","sticky":false,"template":"","format":"standard","meta":[],"categories":[304],"tags":[76,433],"_links":{"self":[{"href":"https:\/\/www.cronicasdeitarantim.com.br\/v1\/wp-json\/wp\/v2\/posts\/153010"}],"collection":[{"href":"https:\/\/www.cronicasdeitarantim.com.br\/v1\/wp-json\/wp\/v2\/posts"}],"about":[{"href":"https:\/\/www.cronicasdeitarantim.com.br\/v1\/wp-json\/wp\/v2\/types\/post"}],"author":[{"embeddable":true,"href":"https:\/\/www.cronicasdeitarantim.com.br\/v1\/wp-json\/wp\/v2\/users\/4"}],"replies":[{"embeddable":true,"href":"https:\/\/www.cronicasdeitarantim.com.br\/v1\/wp-json\/wp\/v2\/comments?post=153010"}],"version-history":[{"count":1,"href":"https:\/\/www.cronicasdeitarantim.com.br\/v1\/wp-json\/wp\/v2\/posts\/153010\/revisions"}],"predecessor-version":[{"id":153012,"href":"https:\/\/www.cronicasdeitarantim.com.br\/v1\/wp-json\/wp\/v2\/posts\/153010\/revisions\/153012"}],"wp:featuredmedia":[{"embeddable":true,"href":"https:\/\/www.cronicasdeitarantim.com.br\/v1\/wp-json\/wp\/v2\/media\/153011"}],"wp:attachment":[{"href":"https:\/\/www.cronicasdeitarantim.com.br\/v1\/wp-json\/wp\/v2\/media?parent=153010"}],"wp:term":[{"taxonomy":"category","embeddable":true,"href":"https:\/\/www.cronicasdeitarantim.com.br\/v1\/wp-json\/wp\/v2\/categories?post=153010"},{"taxonomy":"post_tag","embeddable":true,"href":"https:\/\/www.cronicasdeitarantim.com.br\/v1\/wp-json\/wp\/v2\/tags?post=153010"}],"curies":[{"name":"wp","href":"https:\/\/api.w.org\/{rel}","templated":true}]}}