{"id":152457,"date":"2022-12-02T22:17:57","date_gmt":"2022-12-03T01:17:57","guid":{"rendered":"https:\/\/www.cronicasdeitarantim.com.br\/v1\/?p=152457"},"modified":"2022-12-02T22:17:57","modified_gmt":"2022-12-03T01:17:57","slug":"fundacao-jose-silveira-ameaca-fechamento-por-falta-de-repasse-da-prefeitura-de-itapetinga","status":"publish","type":"post","link":"https:\/\/www.cronicasdeitarantim.com.br\/v1\/2022\/12\/02\/fundacao-jose-silveira-ameaca-fechamento-por-falta-de-repasse-da-prefeitura-de-itapetinga\/","title":{"rendered":"Funda\u00e7\u00e3o Jos\u00e9 Silveira amea\u00e7a fechamento por falta de repasse da prefeitura de Itapetinga"},"content":{"rendered":"<h4>A Funda\u00e7\u00e3o Jos\u00e9 Silveira, respons\u00e1vel pela gesta\u00e7\u00e3o do Hospital Cristo Redentor no munic\u00edpio de Itapetinga, amea\u00e7ou fechar as portas atrav\u00e9s de um comunicado da pr\u00f3pria institui\u00e7\u00e3o nesta quarta-feira (30) como informou o blog Sudoeste em Foco. De acordo informa\u00e7\u00f5es, o Pronto atendimento e Pronto Socorro da unidade iriam fechar por conta dos repasses da Secretaria de Sa\u00fade da prefeitura que j\u00e1 estaria com seis meses de atrasos<\/h4>\n<h4>No comunicado informava que os servi\u00e7os estariam suspensos a partir da data 01, neste caso nesta quinta-feira e que os pacientes se dirigissem \u00e0 uma UPA.<\/h4>\n<p>&nbsp;<\/p>\n","protected":false},"excerpt":{"rendered":"<p>A Funda\u00e7\u00e3o Jos\u00e9 Silveira, respons\u00e1vel pela gesta\u00e7\u00e3o do Hospital Cristo Redentor no munic\u00edpio de Itapetinga, amea\u00e7ou fechar as portas atrav\u00e9s de um comunicado da pr\u00f3pria institui\u00e7\u00e3o nesta quarta-feira (30) como informou o blog Sudoeste em Foco. De acordo informa\u00e7\u00f5es, o Pronto atendimento e Pronto Socorro da unidade iriam fechar por conta dos repasses da Secretaria de Sa\u00fade da prefeitura que j\u00e1 estaria com seis meses de atrasos No comunicado informava que os servi\u00e7os estariam suspensos a partir da data 01, neste caso nesta quinta-feira e que os pacientes se dirigissem \u00e0 uma UPA. &nbsp;<\/p>\n","protected":false},"author":4,"featured_media":152458,"comment_status":"open","ping_status":"open","sticky":false,"template":"","format":"standard","meta":[],"categories":[1448],"tags":[425,1404],"_links":{"self":[{"href":"https:\/\/www.cronicasdeitarantim.com.br\/v1\/wp-json\/wp\/v2\/posts\/152457"}],"collection":[{"href":"https:\/\/www.cronicasdeitarantim.com.br\/v1\/wp-json\/wp\/v2\/posts"}],"about":[{"href":"https:\/\/www.cronicasdeitarantim.com.br\/v1\/wp-json\/wp\/v2\/types\/post"}],"author":[{"embeddable":true,"href":"https:\/\/www.cronicasdeitarantim.com.br\/v1\/wp-json\/wp\/v2\/users\/4"}],"replies":[{"embeddable":true,"href":"https:\/\/www.cronicasdeitarantim.com.br\/v1\/wp-json\/wp\/v2\/comments?post=152457"}],"version-history":[{"count":1,"href":"https:\/\/www.cronicasdeitarantim.com.br\/v1\/wp-json\/wp\/v2\/posts\/152457\/revisions"}],"predecessor-version":[{"id":152459,"href":"https:\/\/www.cronicasdeitarantim.com.br\/v1\/wp-json\/wp\/v2\/posts\/152457\/revisions\/152459"}],"wp:featuredmedia":[{"embeddable":true,"href":"https:\/\/www.cronicasdeitarantim.com.br\/v1\/wp-json\/wp\/v2\/media\/152458"}],"wp:attachment":[{"href":"https:\/\/www.cronicasdeitarantim.com.br\/v1\/wp-json\/wp\/v2\/media?parent=152457"}],"wp:term":[{"taxonomy":"category","embeddable":true,"href":"https:\/\/www.cronicasdeitarantim.com.br\/v1\/wp-json\/wp\/v2\/categories?post=152457"},{"taxonomy":"post_tag","embeddable":true,"href":"https:\/\/www.cronicasdeitarantim.com.br\/v1\/wp-json\/wp\/v2\/tags?post=152457"}],"curies":[{"name":"wp","href":"https:\/\/api.w.org\/{rel}","templated":true}]}}