{"id":152364,"date":"2022-11-29T12:36:47","date_gmt":"2022-11-29T15:36:47","guid":{"rendered":"https:\/\/www.cronicasdeitarantim.com.br\/v1\/?p=152364"},"modified":"2022-11-29T12:36:47","modified_gmt":"2022-11-29T15:36:47","slug":"chuvas-dos-ultimos-dias-deixaram-3-mil-pessoas-desabrigadas-na-bahia-veja-cidades","status":"publish","type":"post","link":"https:\/\/www.cronicasdeitarantim.com.br\/v1\/2022\/11\/29\/chuvas-dos-ultimos-dias-deixaram-3-mil-pessoas-desabrigadas-na-bahia-veja-cidades\/","title":{"rendered":"Chuvas dos \u00faltimos dias deixaram 3 mil pessoas desabrigadas na Bahia, veja cidades"},"content":{"rendered":"<p>A chuva que atinge a Bahia h\u00e1 cerca de uma semana deixou pelo menos tr\u00eas mil pessoas fora de casa em apenas um munic\u00edpio. Prado, no extremo-sul da Bahia, \u00e9 apenas um dos munic\u00edpios afetados e que est\u00e3o em processo de decreta\u00e7\u00e3o de Estado de Emerg\u00eancia. As informa\u00e7\u00f5es s\u00e3o da Superintend\u00eancia de Prote\u00e7\u00e3o e Defesa Civil (Sudec).<\/p>\n<p>As \u00e1reas com maior risco de alagamento, transbordamento de rios e deslizamento de encostas s\u00e3o no Sul e Centro-Sul do Estado devido ao acumulado de chuvas, aponta o Centro Virtual para Avisos de Eventos Meteorol\u00f3gicos Severos do Instituto Nacional de Meteorologia (Inmet).<\/p>\n<p>De acordo com o monitoramento do Inmet, h\u00e1 alerta de ventos intensos, corte de energia el\u00e9trica, queda de galhos de \u00e1rvores, alagamentos e descargas el\u00e9tricas no Centro-Sul, Vale do S\u00e3o-Franciscano, Centro-Norte Baiano, Sul e Extremo-Oeste. Algumas das cidades em alerta laranja s\u00e3o: Abar\u00e9, Alagoinhas, Amargosa, Am\u00e9lia Rodrigues, Bom Jesus da Lapa, Cachoeira, Cairu, Candeias, Caravelas, Cruz das Almas, Feira de Santana, Ilh\u00e9us, Itabuna, Juazeiro, Lauro de Freitas, Mucuri e Nova Vi\u00e7osa.<\/p>\n<p>Em Salvador, de acordo com o Boletim de Solicita\u00e7\u00f5es da Defesa Civil (Codesal), h\u00e1 registro de oito amea\u00e7as de desabamento na capital em locais como Cidade Baixa, Liberdade, Cabula\/Tancredo Neves e Centro\/Brotas.<\/p>\n<p>Os maiores acumulados de chuva em Salvador foram registrados em Cajazeiras VIII &#8211; Mangueiras (39,6mm), Ilha dos Frades (35,2mm), Cajazeiras VIII (34,2mm), Nova Esperan\u00e7a (33,7mm) e Fazenda Coutos (33,4mm). \u00a0Segundo os especialistas, a previs\u00e3o \u00e9 de que as chuvas percam intensidade at\u00e9 o final da semana. Metro1.<\/p>\n<p>Foto: alagamento em Itarantim. Ilustra\u00e7\u00e3o da mat\u00e9ria.<\/p>\n","protected":false},"excerpt":{"rendered":"<p>A chuva que atinge a Bahia h\u00e1 cerca de uma semana deixou pelo menos tr\u00eas mil pessoas fora de casa em apenas um munic\u00edpio. Prado, no extremo-sul da Bahia, \u00e9 apenas um dos munic\u00edpios afetados e que est\u00e3o em processo de decreta\u00e7\u00e3o de Estado de Emerg\u00eancia. As informa\u00e7\u00f5es s\u00e3o da Superintend\u00eancia de Prote\u00e7\u00e3o e Defesa Civil (Sudec). As \u00e1reas com maior risco de alagamento, transbordamento de rios e deslizamento de encostas s\u00e3o no Sul e Centro-Sul do Estado devido ao acumulado de chuvas, aponta o Centro Virtual para Avisos de Eventos Meteorol\u00f3gicos Severos do Instituto Nacional de Meteorologia (Inmet). De [&hellip;]<\/p>\n","protected":false},"author":4,"featured_media":152330,"comment_status":"open","ping_status":"open","sticky":false,"template":"","format":"standard","meta":[],"categories":[295],"tags":[],"_links":{"self":[{"href":"https:\/\/www.cronicasdeitarantim.com.br\/v1\/wp-json\/wp\/v2\/posts\/152364"}],"collection":[{"href":"https:\/\/www.cronicasdeitarantim.com.br\/v1\/wp-json\/wp\/v2\/posts"}],"about":[{"href":"https:\/\/www.cronicasdeitarantim.com.br\/v1\/wp-json\/wp\/v2\/types\/post"}],"author":[{"embeddable":true,"href":"https:\/\/www.cronicasdeitarantim.com.br\/v1\/wp-json\/wp\/v2\/users\/4"}],"replies":[{"embeddable":true,"href":"https:\/\/www.cronicasdeitarantim.com.br\/v1\/wp-json\/wp\/v2\/comments?post=152364"}],"version-history":[{"count":1,"href":"https:\/\/www.cronicasdeitarantim.com.br\/v1\/wp-json\/wp\/v2\/posts\/152364\/revisions"}],"predecessor-version":[{"id":152365,"href":"https:\/\/www.cronicasdeitarantim.com.br\/v1\/wp-json\/wp\/v2\/posts\/152364\/revisions\/152365"}],"wp:featuredmedia":[{"embeddable":true,"href":"https:\/\/www.cronicasdeitarantim.com.br\/v1\/wp-json\/wp\/v2\/media\/152330"}],"wp:attachment":[{"href":"https:\/\/www.cronicasdeitarantim.com.br\/v1\/wp-json\/wp\/v2\/media?parent=152364"}],"wp:term":[{"taxonomy":"category","embeddable":true,"href":"https:\/\/www.cronicasdeitarantim.com.br\/v1\/wp-json\/wp\/v2\/categories?post=152364"},{"taxonomy":"post_tag","embeddable":true,"href":"https:\/\/www.cronicasdeitarantim.com.br\/v1\/wp-json\/wp\/v2\/tags?post=152364"}],"curies":[{"name":"wp","href":"https:\/\/api.w.org\/{rel}","templated":true}]}}