{"id":152249,"date":"2022-11-24T09:43:50","date_gmt":"2022-11-24T12:43:50","guid":{"rendered":"https:\/\/www.cronicasdeitarantim.com.br\/v1\/?p=152249"},"modified":"2022-11-24T09:43:50","modified_gmt":"2022-11-24T12:43:50","slug":"em-cidade-baiana-casal-e-baleado-apos-sair-de-igreja","status":"publish","type":"post","link":"https:\/\/www.cronicasdeitarantim.com.br\/v1\/2022\/11\/24\/em-cidade-baiana-casal-e-baleado-apos-sair-de-igreja\/","title":{"rendered":"Em cidade baiana casal \u00e9 baleado ap\u00f3s sair de igreja"},"content":{"rendered":"<div id=\"chunk-6pcup\">\n<div class=\"mc-column content-text active-extra-styles \" data-block-type=\"unstyled\" data-block-weight=\"28\" data-block-id=\"3\">\n<p class=\"content-text__container \" data-track-category=\"Link no Texto\" data-track-links=\"\">Um casal foi baleado depois que saiu de uma igreja evang\u00e9lica, na noite de quarta-feira (23), na cidade de S\u00e3o Sebasti\u00e3o do Pass\u00e9, na Regi\u00e3o Metropolitana de Salvador.<\/p>\n<\/div>\n<\/div>\n<div class=\"wall protected-content\">\n<div id=\"chunk-nklu\">\n<div class=\"mc-column content-text active-extra-styles \" data-block-type=\"unstyled\" data-block-weight=\"25\" data-block-id=\"4\">\n<p class=\"content-text__container \" data-track-category=\"Link no Texto\" data-track-links=\"\">Segundo informa\u00e7\u00f5es da Pol\u00edcia Civil e do g1, o caso aconteceu no povoado Fazenda Massap\u00ea e \u00e9 investigado pela 37\u00aa Delegacia Territorial (DT) de S\u00e3o Sebasti\u00e3o do Pass\u00e9.<\/p>\n<\/div>\n<\/div>\n<div id=\"chunk-73mbo\">\n<div class=\"mc-column content-text active-extra-styles \" data-block-type=\"unstyled\" data-block-weight=\"21\" data-block-id=\"5\">\n<p class=\"content-text__container \" data-track-category=\"Link no Texto\" data-track-links=\"\">Conforme informa\u00e7\u00f5es iniciais da pol\u00edcia, o crime foi cometido por homens armados, que fugiram do local ap\u00f3s atingirem o casal.<\/p>\n<\/div>\n<\/div>\n<div id=\"chunk-fb9sm\">\n<div class=\"mc-column content-text active-extra-styles \" data-block-type=\"unstyled\" data-block-weight=\"20\" data-block-id=\"6\">\n<p class=\"content-text__container \" data-track-category=\"Link no Texto\" data-track-links=\"\">As v\u00edtimas foram socorridas e levadas para um hospital da regi\u00e3o. N\u00e3o h\u00e1 detalhes sobre o estado de sa\u00fade delas.<\/p>\n<\/div>\n<\/div>\n<\/div>\n","protected":false},"excerpt":{"rendered":"<p>Um casal foi baleado depois que saiu de uma igreja evang\u00e9lica, na noite de quarta-feira (23), na cidade de S\u00e3o Sebasti\u00e3o do Pass\u00e9, na Regi\u00e3o Metropolitana de Salvador. Segundo informa\u00e7\u00f5es da Pol\u00edcia Civil e do g1, o caso aconteceu no povoado Fazenda Massap\u00ea e \u00e9 investigado pela 37\u00aa Delegacia Territorial (DT) de S\u00e3o Sebasti\u00e3o do Pass\u00e9. Conforme informa\u00e7\u00f5es iniciais da pol\u00edcia, o crime foi cometido por homens armados, que fugiram do local ap\u00f3s atingirem o casal. As v\u00edtimas foram socorridas e levadas para um hospital da regi\u00e3o. N\u00e3o h\u00e1 detalhes sobre o estado de sa\u00fade delas.<\/p>\n","protected":false},"author":4,"featured_media":152250,"comment_status":"open","ping_status":"open","sticky":false,"template":"","format":"standard","meta":[],"categories":[306],"tags":[],"_links":{"self":[{"href":"https:\/\/www.cronicasdeitarantim.com.br\/v1\/wp-json\/wp\/v2\/posts\/152249"}],"collection":[{"href":"https:\/\/www.cronicasdeitarantim.com.br\/v1\/wp-json\/wp\/v2\/posts"}],"about":[{"href":"https:\/\/www.cronicasdeitarantim.com.br\/v1\/wp-json\/wp\/v2\/types\/post"}],"author":[{"embeddable":true,"href":"https:\/\/www.cronicasdeitarantim.com.br\/v1\/wp-json\/wp\/v2\/users\/4"}],"replies":[{"embeddable":true,"href":"https:\/\/www.cronicasdeitarantim.com.br\/v1\/wp-json\/wp\/v2\/comments?post=152249"}],"version-history":[{"count":1,"href":"https:\/\/www.cronicasdeitarantim.com.br\/v1\/wp-json\/wp\/v2\/posts\/152249\/revisions"}],"predecessor-version":[{"id":152251,"href":"https:\/\/www.cronicasdeitarantim.com.br\/v1\/wp-json\/wp\/v2\/posts\/152249\/revisions\/152251"}],"wp:featuredmedia":[{"embeddable":true,"href":"https:\/\/www.cronicasdeitarantim.com.br\/v1\/wp-json\/wp\/v2\/media\/152250"}],"wp:attachment":[{"href":"https:\/\/www.cronicasdeitarantim.com.br\/v1\/wp-json\/wp\/v2\/media?parent=152249"}],"wp:term":[{"taxonomy":"category","embeddable":true,"href":"https:\/\/www.cronicasdeitarantim.com.br\/v1\/wp-json\/wp\/v2\/categories?post=152249"},{"taxonomy":"post_tag","embeddable":true,"href":"https:\/\/www.cronicasdeitarantim.com.br\/v1\/wp-json\/wp\/v2\/tags?post=152249"}],"curies":[{"name":"wp","href":"https:\/\/api.w.org\/{rel}","templated":true}]}}