{"id":152116,"date":"2022-11-18T15:43:06","date_gmt":"2022-11-18T18:43:06","guid":{"rendered":"https:\/\/www.cronicasdeitarantim.com.br\/v1\/?p=152116"},"modified":"2022-11-18T15:43:06","modified_gmt":"2022-11-18T18:43:06","slug":"incendio-de-grande-proporcao-atinge-projac-da-rede-globo-no-rio-de-janeiro","status":"publish","type":"post","link":"https:\/\/www.cronicasdeitarantim.com.br\/v1\/2022\/11\/18\/incendio-de-grande-proporcao-atinge-projac-da-rede-globo-no-rio-de-janeiro\/","title":{"rendered":"Inc\u00eandio de grande propor\u00e7\u00e3o atinge Projac, da Rede Globo, no Rio de Janeiro"},"content":{"rendered":"<p>Um inc\u00eandio de grande propor\u00e7\u00e3o atingiu o Projac, est\u00fadio de grava\u00e7\u00f5es da\u00a0Rede Globo, na tarde desta sexta-feira (18). O Corpo de Bombeiros do Rio de Janeiro est\u00e1 no local, trabalhando no combate ao fogo. Ainda n\u00e3o h\u00e1 informa\u00e7\u00f5es sobre poss\u00edveis v\u00edtimas.<\/p>\n<p>\u201cBombeiros do Quartel de Jacarepagu\u00e1 foram acionados, na tarde desta sexta-feira (18\/11), para um inc\u00eandio na Estrada de Curicica, 1.184, em Curicica. O quartel de Jacarepagu\u00e1 foi empenhado para o combate \u00e0s chamas, com apoio do Grupamento de Busca e Salvamento (GBS) da corpora\u00e7\u00e3o. N\u00e3o h\u00e1, at\u00e9 o momento, informa\u00e7\u00f5es sobre v\u00edtimas\u201d, diz a nota da corpora\u00e7\u00e3o.<\/p>\n<p>V\u00eddeos publicados nas redes sociais mostram uma enorme nuvem de fuma\u00e7a formada pelas enormes chamas de fogo.<\/p>\n","protected":false},"excerpt":{"rendered":"<p>Um inc\u00eandio de grande propor\u00e7\u00e3o atingiu o Projac, est\u00fadio de grava\u00e7\u00f5es da\u00a0Rede Globo, na tarde desta sexta-feira (18). O Corpo de Bombeiros do Rio de Janeiro est\u00e1 no local, trabalhando no combate ao fogo. Ainda n\u00e3o h\u00e1 informa\u00e7\u00f5es sobre poss\u00edveis v\u00edtimas. \u201cBombeiros do Quartel de Jacarepagu\u00e1 foram acionados, na tarde desta sexta-feira (18\/11), para um inc\u00eandio na Estrada de Curicica, 1.184, em Curicica. O quartel de Jacarepagu\u00e1 foi empenhado para o combate \u00e0s chamas, com apoio do Grupamento de Busca e Salvamento (GBS) da corpora\u00e7\u00e3o. N\u00e3o h\u00e1, at\u00e9 o momento, informa\u00e7\u00f5es sobre v\u00edtimas\u201d, diz a nota da corpora\u00e7\u00e3o. V\u00eddeos publicados [&hellip;]<\/p>\n","protected":false},"author":4,"featured_media":0,"comment_status":"open","ping_status":"open","sticky":false,"template":"","format":"standard","meta":[],"categories":[1],"tags":[],"_links":{"self":[{"href":"https:\/\/www.cronicasdeitarantim.com.br\/v1\/wp-json\/wp\/v2\/posts\/152116"}],"collection":[{"href":"https:\/\/www.cronicasdeitarantim.com.br\/v1\/wp-json\/wp\/v2\/posts"}],"about":[{"href":"https:\/\/www.cronicasdeitarantim.com.br\/v1\/wp-json\/wp\/v2\/types\/post"}],"author":[{"embeddable":true,"href":"https:\/\/www.cronicasdeitarantim.com.br\/v1\/wp-json\/wp\/v2\/users\/4"}],"replies":[{"embeddable":true,"href":"https:\/\/www.cronicasdeitarantim.com.br\/v1\/wp-json\/wp\/v2\/comments?post=152116"}],"version-history":[{"count":1,"href":"https:\/\/www.cronicasdeitarantim.com.br\/v1\/wp-json\/wp\/v2\/posts\/152116\/revisions"}],"predecessor-version":[{"id":152118,"href":"https:\/\/www.cronicasdeitarantim.com.br\/v1\/wp-json\/wp\/v2\/posts\/152116\/revisions\/152118"}],"wp:attachment":[{"href":"https:\/\/www.cronicasdeitarantim.com.br\/v1\/wp-json\/wp\/v2\/media?parent=152116"}],"wp:term":[{"taxonomy":"category","embeddable":true,"href":"https:\/\/www.cronicasdeitarantim.com.br\/v1\/wp-json\/wp\/v2\/categories?post=152116"},{"taxonomy":"post_tag","embeddable":true,"href":"https:\/\/www.cronicasdeitarantim.com.br\/v1\/wp-json\/wp\/v2\/tags?post=152116"}],"curies":[{"name":"wp","href":"https:\/\/api.w.org\/{rel}","templated":true}]}}