{"id":151608,"date":"2022-10-31T16:12:59","date_gmt":"2022-10-31T19:12:59","guid":{"rendered":"https:\/\/www.cronicasdeitarantim.com.br\/v1\/?p=151608"},"modified":"2022-10-31T16:12:59","modified_gmt":"2022-10-31T19:12:59","slug":"acm-neto-venceu-em-tres-cidades-do-nosso-territorio-itapetinga-maiquinqiue-e-santa-cruz-da-vitoria","status":"publish","type":"post","link":"https:\/\/www.cronicasdeitarantim.com.br\/v1\/2022\/10\/31\/acm-neto-venceu-em-tres-cidades-do-nosso-territorio-itapetinga-maiquinqiue-e-santa-cruz-da-vitoria\/","title":{"rendered":"ACM Neto venceu em tr\u00eas cidades do nosso territ\u00f3rio; Itapetinga, Maiquinqiue e Santa Cruz da Vit\u00f3ria"},"content":{"rendered":"<p>O candidato ao governo do estado, ACM Neto (UNI\u00c3O BRASIL), derrotado na elei\u00e7\u00e3o realizada neste domingo (30) no segundo, ganhou em tr\u00eas cidades entre as 13 do nosso Territ\u00f3rio M\u00e9dio Sudoeste. ACM repetiu e voltou a vencer em Itapetinga, maior cidade do nosso territ\u00f3rio e que tem o prefeito, Rodrigo Hagge como maior cabo eleitoral da regi\u00e3o. ACM teve uma vota\u00e7\u00e3o de\u00a064,41%, 23.694 votos, contra\u00a035,59%, 13.093 votos de Jer\u00f4nimo Rodrigues (PT).<\/p>\n<p>Em Maiquinque, o candidato carlista venceu tamb\u00e9m com 51,85%, 2.825 votos, j\u00e1 Jer\u00f4nimo ficou com\u00a048,15%, 2.623 votos. Outra cidade foi Santa Cruz da Vit\u00f3ria onde ACM obteve\u00a058,01%, 1.850 votos, j\u00e1 Jer\u00f4nimo teve na cidade\u00a041,99%, 1.339.<\/p>\n<p>O territ\u00f3rio de identidade M\u00e9dio Sudoeste, constitu\u00eddo pelos munic\u00edpios de\u00a0Itapetinga, Itamb\u00e9, Caatiba, Itoror\u00f3, Santa Cruz da Vit\u00f3ria, Nova Cana\u00e3, Igua\u00ed, Ibicu\u00ed, Firmino Alves, Potiragu\u00e1, Itarantim, Maiquinique e Macarani.<\/p>\n<p>ACM Neto perdeu a elei\u00e7\u00e3o para o candidato petista, Jer\u00f4nimo Rodrigues que obteve na Bahia\u00a052,79%, 4.480.464 votos, contra\u00a047,21%, 4.007.023 votos de ACM Neto.<\/p>\n","protected":false},"excerpt":{"rendered":"<p>O candidato ao governo do estado, ACM Neto (UNI\u00c3O BRASIL), derrotado na elei\u00e7\u00e3o realizada neste domingo (30) no segundo, ganhou em tr\u00eas cidades entre as 13 do nosso Territ\u00f3rio M\u00e9dio Sudoeste. ACM repetiu e voltou a vencer em Itapetinga, maior cidade do nosso territ\u00f3rio e que tem o prefeito, Rodrigo Hagge como maior cabo eleitoral da regi\u00e3o. ACM teve uma vota\u00e7\u00e3o de\u00a064,41%, 23.694 votos, contra\u00a035,59%, 13.093 votos de Jer\u00f4nimo Rodrigues (PT). Em Maiquinque, o candidato carlista venceu tamb\u00e9m com 51,85%, 2.825 votos, j\u00e1 Jer\u00f4nimo ficou com\u00a048,15%, 2.623 votos. Outra cidade foi Santa Cruz da Vit\u00f3ria onde ACM obteve\u00a058,01%, 1.850 votos, [&hellip;]<\/p>\n","protected":false},"author":4,"featured_media":149317,"comment_status":"open","ping_status":"open","sticky":false,"template":"","format":"standard","meta":[],"categories":[295],"tags":[973,427],"_links":{"self":[{"href":"https:\/\/www.cronicasdeitarantim.com.br\/v1\/wp-json\/wp\/v2\/posts\/151608"}],"collection":[{"href":"https:\/\/www.cronicasdeitarantim.com.br\/v1\/wp-json\/wp\/v2\/posts"}],"about":[{"href":"https:\/\/www.cronicasdeitarantim.com.br\/v1\/wp-json\/wp\/v2\/types\/post"}],"author":[{"embeddable":true,"href":"https:\/\/www.cronicasdeitarantim.com.br\/v1\/wp-json\/wp\/v2\/users\/4"}],"replies":[{"embeddable":true,"href":"https:\/\/www.cronicasdeitarantim.com.br\/v1\/wp-json\/wp\/v2\/comments?post=151608"}],"version-history":[{"count":1,"href":"https:\/\/www.cronicasdeitarantim.com.br\/v1\/wp-json\/wp\/v2\/posts\/151608\/revisions"}],"predecessor-version":[{"id":151609,"href":"https:\/\/www.cronicasdeitarantim.com.br\/v1\/wp-json\/wp\/v2\/posts\/151608\/revisions\/151609"}],"wp:featuredmedia":[{"embeddable":true,"href":"https:\/\/www.cronicasdeitarantim.com.br\/v1\/wp-json\/wp\/v2\/media\/149317"}],"wp:attachment":[{"href":"https:\/\/www.cronicasdeitarantim.com.br\/v1\/wp-json\/wp\/v2\/media?parent=151608"}],"wp:term":[{"taxonomy":"category","embeddable":true,"href":"https:\/\/www.cronicasdeitarantim.com.br\/v1\/wp-json\/wp\/v2\/categories?post=151608"},{"taxonomy":"post_tag","embeddable":true,"href":"https:\/\/www.cronicasdeitarantim.com.br\/v1\/wp-json\/wp\/v2\/tags?post=151608"}],"curies":[{"name":"wp","href":"https:\/\/api.w.org\/{rel}","templated":true}]}}