{"id":151600,"date":"2022-10-31T13:06:44","date_gmt":"2022-10-31T16:06:44","guid":{"rendered":"https:\/\/www.cronicasdeitarantim.com.br\/v1\/?p=151600"},"modified":"2022-10-31T13:06:44","modified_gmt":"2022-10-31T16:06:44","slug":"em-livramento-de-nossa-senhora-homem-e-preso-apos-atirar-em-carreata-do-pt","status":"publish","type":"post","link":"https:\/\/www.cronicasdeitarantim.com.br\/v1\/2022\/10\/31\/em-livramento-de-nossa-senhora-homem-e-preso-apos-atirar-em-carreata-do-pt\/","title":{"rendered":"Em Livramento de Nossa Senhora homem \u00e9 preso ap\u00f3s atirar em carreata do PT"},"content":{"rendered":"<h4>Um homem foi preso na noite deste domingo (30) ap\u00f3s a vit\u00f3ria do PT na cidade de\u00a0Livramento de Nossa Senhora, na regi\u00e3o sudoeste da Bahia. De acordo informa\u00e7\u00f5es do Achei Sudoeste, o homem chegou atirando numa carreata que comemorava a vit\u00f3ria de Lula e Jer\u00f4nimo. O homem que n\u00e3o teve a identidade revelada, chegou numa\u00a0Hillux e fugiu logo ap\u00f3s os disparos se escondendo uma resid\u00eancia. A pol\u00edcia prendeu o homem na resid\u00eancia e com ele v\u00e1rias outras armas foram encontradas.<\/h4>\n<p>&nbsp;<\/p>\n","protected":false},"excerpt":{"rendered":"<p>Um homem foi preso na noite deste domingo (30) ap\u00f3s a vit\u00f3ria do PT na cidade de\u00a0Livramento de Nossa Senhora, na regi\u00e3o sudoeste da Bahia. De acordo informa\u00e7\u00f5es do Achei Sudoeste, o homem chegou atirando numa carreata que comemorava a vit\u00f3ria de Lula e Jer\u00f4nimo. O homem que n\u00e3o teve a identidade revelada, chegou numa\u00a0Hillux e fugiu logo ap\u00f3s os disparos se escondendo uma resid\u00eancia. A pol\u00edcia prendeu o homem na resid\u00eancia e com ele v\u00e1rias outras armas foram encontradas. &nbsp;<\/p>\n","protected":false},"author":4,"featured_media":0,"comment_status":"open","ping_status":"open","sticky":false,"template":"","format":"standard","meta":[],"categories":[306],"tags":[76],"_links":{"self":[{"href":"https:\/\/www.cronicasdeitarantim.com.br\/v1\/wp-json\/wp\/v2\/posts\/151600"}],"collection":[{"href":"https:\/\/www.cronicasdeitarantim.com.br\/v1\/wp-json\/wp\/v2\/posts"}],"about":[{"href":"https:\/\/www.cronicasdeitarantim.com.br\/v1\/wp-json\/wp\/v2\/types\/post"}],"author":[{"embeddable":true,"href":"https:\/\/www.cronicasdeitarantim.com.br\/v1\/wp-json\/wp\/v2\/users\/4"}],"replies":[{"embeddable":true,"href":"https:\/\/www.cronicasdeitarantim.com.br\/v1\/wp-json\/wp\/v2\/comments?post=151600"}],"version-history":[{"count":1,"href":"https:\/\/www.cronicasdeitarantim.com.br\/v1\/wp-json\/wp\/v2\/posts\/151600\/revisions"}],"predecessor-version":[{"id":151602,"href":"https:\/\/www.cronicasdeitarantim.com.br\/v1\/wp-json\/wp\/v2\/posts\/151600\/revisions\/151602"}],"wp:attachment":[{"href":"https:\/\/www.cronicasdeitarantim.com.br\/v1\/wp-json\/wp\/v2\/media?parent=151600"}],"wp:term":[{"taxonomy":"category","embeddable":true,"href":"https:\/\/www.cronicasdeitarantim.com.br\/v1\/wp-json\/wp\/v2\/categories?post=151600"},{"taxonomy":"post_tag","embeddable":true,"href":"https:\/\/www.cronicasdeitarantim.com.br\/v1\/wp-json\/wp\/v2\/tags?post=151600"}],"curies":[{"name":"wp","href":"https:\/\/api.w.org\/{rel}","templated":true}]}}