{"id":151551,"date":"2022-10-29T13:17:34","date_gmt":"2022-10-29T16:17:34","guid":{"rendered":"https:\/\/www.cronicasdeitarantim.com.br\/v1\/?p=151551"},"modified":"2022-10-29T13:45:12","modified_gmt":"2022-10-29T16:45:12","slug":"uma-multidao-acompanhou-valeria-e-kayke-na-inauguracao-do-comite-em-maiquinique","status":"publish","type":"post","link":"https:\/\/www.cronicasdeitarantim.com.br\/v1\/2022\/10\/29\/uma-multidao-acompanhou-valeria-e-kayke-na-inauguracao-do-comite-em-maiquinique\/","title":{"rendered":"Uma multid\u00e3o acompanhou Val\u00e9ria e Kayke na inaugura\u00e7\u00e3o do comit\u00ea em Maiquinique"},"content":{"rendered":"<p>Uma multid\u00e3o acompanhou na noite desta sexta-feira (28) a inaugura\u00e7\u00e3o comit\u00ea de campanha de Val\u00e9ria Silveira (PODEMOS) e Kayke Jardim (PSD), dando assim de forma oficial o pontap\u00e9 inicial da campanha na elei\u00e7\u00e3o suplementar que ir\u00e1 acontecer na cidade no dia 27 de novembro. O espa\u00e7o ficou pequeno para uma multid\u00e3o que acompanhou a inaugura\u00e7\u00e3o da parte interna e na rua onde o povo compareceu em massa para apoiar os candidatos e afirmar que quer mudan\u00e7a na cidade.<\/p>\n<p>Lideran\u00e7as de partido do munic\u00edpio e lideran\u00e7as da regi\u00e3o marcaram presen\u00e7a no evento, o prefeito de Itarantim, F\u00e1bio Gusm\u00e3o e o vereador Dudu dos Tutas tamb\u00e9m de Itarantim.<\/p>\n<p>Os dois vereadores que comp\u00f5e a base dos candidatos, Ezequiel Ferraz, presidente do PODEMOS municipal e o vereador Juliano Silveira enfatizou o grupo e os candidatos como uma nova proposta para a cidade, um projeto novo de participa\u00e7\u00e3o da comunidade que ser\u00e1 apresentado durante estes dias campanha e ser\u00e1 participativo.<\/p>\n<p>Tamb\u00e9m esteve presente Dra. Zaza, ex-vice-prefeita do munic\u00edpio que agora \u00e9 apoiadora do grupo de Val\u00e9ria e Kayke. Zaza reafirmou que, para ela \u00e9 uma nova hist\u00f3ria que come\u00e7a e que n\u00e3o t\u00eam d\u00favidas nenhuma que, o melhor para Maiquinique \u00e9 o projeto de Val\u00e9ria e Kayke.<\/p>\n<p>O candidato a vice, Kayke, ao falar, afirmou o compromisso com a cidade e disse que, Val\u00e9ria e Kayke \u00e9 a renova\u00e7\u00e3o da pol\u00edtica em Maiquinique porque tem um projeto novo, jovem, participativo e que ir\u00e1 mudar a hist\u00f3ria da cidade. Ele disse que \u00e9 preciso incluir a juventude no processo pol\u00edtico e elaborar pol\u00edticas p\u00fablicas para essa classe, e ele disse que o esporte, cultura e lazer ser\u00e1 prioridade.<\/p>\n<p>Val\u00e9ria reafirmou seu compromisso junto ao grupo, emocionada ela disse que este projeto \u00e9 pensado e feito de forma participativa que inclui pessoas e que o projeto do governo \u00e9 cuidar das pessoas da cidade e de forma especial aquelas que mais precisa. Val\u00e9ria disse que tem conversado com as pessoas da cidade e apresentado seu projeto, al\u00e9m disso ela nos afirmou que j\u00e1 v\u00eam tra\u00e7ando parcerias em algumas \u00e1reas que s\u00e3o de urg\u00eancia e necess\u00e1ria para a cidade, como a sa\u00fade p\u00fablica, ela afirmou que ser\u00e1 prioridade.<\/p>\n<p>O evento tamb\u00e9m contou com a presen\u00e7a do padre Reinaldo, que concorreu para prefeito na \u00faltima elei\u00e7\u00e3o de 2020. Reinaldo reafirmou seu apoio aos candidatos, desmentindo alguns boatos na comunidade.<\/p>\n<p>No evento ainda contou com muitas pessoas da comunidade que aderiram ao grupo e ainda segundo informa\u00e7\u00f5es repassada ao site, muitas pessoas ir\u00e3o aderir ao grupo.<\/p>\n<p>O site esteve no evento e conversou com Val\u00e9ria e Zaza e registrou outros momentos da inaugura\u00e7\u00e3o. Todas \u00e0s fotos estar\u00e3o na nossa p\u00e1gina no Facebook, Cr\u00f4nicas de Itarantim.<\/p>\n<p>Confira:<\/p>\n<p><iframe loading=\"lazy\" width=\"1200\" height=\"675\" src=\"https:\/\/www.youtube.com\/embed\/46oAdLoUj8o?feature=oembed\" frameborder=\"0\" allow=\"accelerometer; autoplay; clipboard-write; encrypted-media; gyroscope; picture-in-picture\" allowfullscreen title=\"Inaugura\u00e7\u00e3o do comit\u00ea de campanha de Val\u00e9ria Silveira e Kayke Jardim. Val\u00e9ria Silveira, candidata.\"><\/iframe><\/p>\n<p><iframe loading=\"lazy\" width=\"1200\" height=\"675\" src=\"https:\/\/www.youtube.com\/embed\/2YBO0v1NsXM?feature=oembed\" frameborder=\"0\" allow=\"accelerometer; autoplay; clipboard-write; encrypted-media; gyroscope; picture-in-picture\" allowfullscreen title=\"Inaugura\u00e7\u00e3o do comit\u00ea de campanha de Val\u00e9ria Silveira e Kayke Jardim. Dra. Zaza.\"><\/iframe><\/p>\n<p><iframe loading=\"lazy\" width=\"1200\" height=\"675\" src=\"https:\/\/www.youtube.com\/embed\/vtvBZsGMyn0?feature=oembed\" frameborder=\"0\" allow=\"accelerometer; autoplay; clipboard-write; encrypted-media; gyroscope; picture-in-picture\" allowfullscreen title=\"Kayke Jardim. Inaugura\u00e7\u00e3o do comit\u00ea de campanha de Val\u00e9ria Silveira e Kayke Jardim.\"><\/iframe><\/p>\n<p><iframe loading=\"lazy\" width=\"1200\" height=\"675\" src=\"https:\/\/www.youtube.com\/embed\/3wk6v3nadPA?feature=oembed\" frameborder=\"0\" allow=\"accelerometer; autoplay; clipboard-write; encrypted-media; gyroscope; picture-in-picture\" allowfullscreen title=\"Inaugura\u00e7\u00e3o do comit\u00ea de campanha de Val\u00e9ria Silveira e Kayke Jardim.\"><\/iframe><\/p>\n<p><iframe loading=\"lazy\" width=\"1200\" height=\"675\" src=\"https:\/\/www.youtube.com\/embed\/mvjytwQwNRI?feature=oembed\" frameborder=\"0\" allow=\"accelerometer; autoplay; clipboard-write; encrypted-media; gyroscope; picture-in-picture\" allowfullscreen title=\"Inaugura\u00e7\u00e3o do comit\u00ea de campanha de Val\u00e9ria Silveira e Kayke Jardim. O povo compareceu.\"><\/iframe><\/p>\n<p><img decoding=\"async\" loading=\"lazy\" class=\"alignnone size-medium wp-image-151559\" src=\"https:\/\/www.cronicasdeitarantim.com.br\/v1\/wp-content\/uploads\/2022\/10\/IMG_9118_compress25-300x200.jpg\" alt=\"\" width=\"300\" height=\"200\" \/> <img decoding=\"async\" loading=\"lazy\" class=\"alignnone size-medium wp-image-151563\" src=\"https:\/\/www.cronicasdeitarantim.com.br\/v1\/wp-content\/uploads\/2022\/10\/IMG_20221028_210918_compress53-300x138.jpg\" alt=\"\" width=\"300\" height=\"138\" \/> <img decoding=\"async\" loading=\"lazy\" class=\"alignnone size-medium wp-image-151562\" src=\"https:\/\/www.cronicasdeitarantim.com.br\/v1\/wp-content\/uploads\/2022\/10\/IMG_9103_compress31-300x200.jpg\" alt=\"\" width=\"300\" height=\"200\" \/> <img decoding=\"async\" loading=\"lazy\" class=\"alignnone size-medium wp-image-151561\" src=\"https:\/\/www.cronicasdeitarantim.com.br\/v1\/wp-content\/uploads\/2022\/10\/IMG_9128_compress84-300x200.jpg\" alt=\"\" width=\"300\" height=\"200\" \/> <img decoding=\"async\" loading=\"lazy\" class=\"alignnone size-medium wp-image-151560\" src=\"https:\/\/www.cronicasdeitarantim.com.br\/v1\/wp-content\/uploads\/2022\/10\/IMG_9159_compress59-300x200.jpg\" alt=\"\" width=\"300\" height=\"200\" \/> <img decoding=\"async\" loading=\"lazy\" class=\"alignnone size-medium wp-image-151558\" src=\"https:\/\/www.cronicasdeitarantim.com.br\/v1\/wp-content\/uploads\/2022\/10\/IMG_9114_compress48-300x200.jpg\" alt=\"\" width=\"300\" height=\"200\" \/> <img decoding=\"async\" loading=\"lazy\" class=\"alignnone size-medium wp-image-151557\" src=\"https:\/\/www.cronicasdeitarantim.com.br\/v1\/wp-content\/uploads\/2022\/10\/IMG_9145_compress82-300x200.jpg\" alt=\"\" width=\"300\" height=\"200\" \/> <img decoding=\"async\" loading=\"lazy\" class=\"alignnone size-medium wp-image-151556\" src=\"https:\/\/www.cronicasdeitarantim.com.br\/v1\/wp-content\/uploads\/2022\/10\/IMG_9148_compress98-300x200.jpg\" alt=\"\" width=\"300\" height=\"200\" \/> <img decoding=\"async\" loading=\"lazy\" class=\"alignnone size-medium wp-image-151555\" src=\"https:\/\/www.cronicasdeitarantim.com.br\/v1\/wp-content\/uploads\/2022\/10\/IMG_9162_compress81-300x200.jpg\" alt=\"\" width=\"300\" height=\"200\" \/> <img decoding=\"async\" loading=\"lazy\" class=\"alignnone size-medium wp-image-151554\" src=\"https:\/\/www.cronicasdeitarantim.com.br\/v1\/wp-content\/uploads\/2022\/10\/IMG_9169_compress4-300x200.jpg\" alt=\"\" width=\"300\" height=\"200\" \/> <img decoding=\"async\" loading=\"lazy\" class=\"alignnone size-medium wp-image-151553\" src=\"https:\/\/www.cronicasdeitarantim.com.br\/v1\/wp-content\/uploads\/2022\/10\/IMG_9170_compress65-300x200.jpg\" alt=\"\" width=\"300\" height=\"200\" \/> <img decoding=\"async\" loading=\"lazy\" class=\"alignnone size-medium wp-image-151552\" src=\"https:\/\/www.cronicasdeitarantim.com.br\/v1\/wp-content\/uploads\/2022\/10\/IMG_9171_compress75-300x200.jpg\" alt=\"\" width=\"300\" height=\"200\" \/> <img decoding=\"async\" loading=\"lazy\" class=\"alignnone size-medium wp-image-151550\" src=\"https:\/\/www.cronicasdeitarantim.com.br\/v1\/wp-content\/uploads\/2022\/10\/IMG_20221028_195720_compress54-300x139.jpg\" alt=\"\" width=\"300\" height=\"139\" \/> <img decoding=\"async\" loading=\"lazy\" class=\"alignnone size-medium wp-image-151549\" src=\"https:\/\/www.cronicasdeitarantim.com.br\/v1\/wp-content\/uploads\/2022\/10\/IMG_20221028_195656_compress82-300x139.jpg\" alt=\"\" width=\"300\" height=\"139\" \/> <img decoding=\"async\" loading=\"lazy\" class=\"alignnone size-medium wp-image-151548\" src=\"https:\/\/www.cronicasdeitarantim.com.br\/v1\/wp-content\/uploads\/2022\/10\/IMG_20221028_204552_compress31-300x139.jpg\" alt=\"\" width=\"300\" height=\"139\" \/> <img decoding=\"async\" loading=\"lazy\" class=\"alignnone size-medium wp-image-151543\" src=\"https:\/\/www.cronicasdeitarantim.com.br\/v1\/wp-content\/uploads\/2022\/10\/IMG_20221028_210352_compress94-300x169.jpg\" alt=\"\" width=\"300\" height=\"169\" \/> <img decoding=\"async\" loading=\"lazy\" class=\"alignnone size-medium wp-image-151544\" src=\"https:\/\/www.cronicasdeitarantim.com.br\/v1\/wp-content\/uploads\/2022\/10\/IMG_20221028_210341_compress53-300x169.jpg\" alt=\"\" width=\"300\" height=\"169\" \/> <img decoding=\"async\" loading=\"lazy\" class=\"alignnone size-medium wp-image-151545\" src=\"https:\/\/www.cronicasdeitarantim.com.br\/v1\/wp-content\/uploads\/2022\/10\/IMG_20221028_204953_compress44-300x169.jpg\" alt=\"\" width=\"300\" height=\"169\" \/> <img decoding=\"async\" loading=\"lazy\" class=\"alignnone size-medium wp-image-151546\" src=\"https:\/\/www.cronicasdeitarantim.com.br\/v1\/wp-content\/uploads\/2022\/10\/IMG_20221028_210354_compress70-300x169.jpg\" alt=\"\" width=\"300\" height=\"169\" \/> <img decoding=\"async\" loading=\"lazy\" class=\"alignnone size-medium wp-image-151547\" src=\"https:\/\/www.cronicasdeitarantim.com.br\/v1\/wp-content\/uploads\/2022\/10\/IMG_20221028_204942_compress51-300x169.jpg\" alt=\"\" width=\"300\" height=\"169\" \/> <img decoding=\"async\" loading=\"lazy\" class=\"alignnone size-medium wp-image-151542\" src=\"https:\/\/www.cronicasdeitarantim.com.br\/v1\/wp-content\/uploads\/2022\/10\/IMG_20221028_210837_compress54-300x139.jpg\" alt=\"\" width=\"300\" height=\"139\" \/><\/p>\n","protected":false},"excerpt":{"rendered":"<p>Uma multid\u00e3o acompanhou na noite desta sexta-feira (28) a inaugura\u00e7\u00e3o comit\u00ea de campanha de Val\u00e9ria Silveira (PODEMOS) e Kayke Jardim (PSD), dando assim de forma oficial o pontap\u00e9 inicial da campanha na elei\u00e7\u00e3o suplementar que ir\u00e1 acontecer na cidade no dia 27 de novembro. O espa\u00e7o ficou pequeno para uma multid\u00e3o que acompanhou a inaugura\u00e7\u00e3o da parte interna e na rua onde o povo compareceu em massa para apoiar os candidatos e afirmar que quer mudan\u00e7a na cidade. Lideran\u00e7as de partido do munic\u00edpio e lideran\u00e7as da regi\u00e3o marcaram presen\u00e7a no evento, o prefeito de Itarantim, F\u00e1bio Gusm\u00e3o e o vereador [&hellip;]<\/p>\n","protected":false},"author":4,"featured_media":0,"comment_status":"open","ping_status":"open","sticky":false,"template":"","format":"standard","meta":[],"categories":[304],"tags":[1740,392],"_links":{"self":[{"href":"https:\/\/www.cronicasdeitarantim.com.br\/v1\/wp-json\/wp\/v2\/posts\/151551"}],"collection":[{"href":"https:\/\/www.cronicasdeitarantim.com.br\/v1\/wp-json\/wp\/v2\/posts"}],"about":[{"href":"https:\/\/www.cronicasdeitarantim.com.br\/v1\/wp-json\/wp\/v2\/types\/post"}],"author":[{"embeddable":true,"href":"https:\/\/www.cronicasdeitarantim.com.br\/v1\/wp-json\/wp\/v2\/users\/4"}],"replies":[{"embeddable":true,"href":"https:\/\/www.cronicasdeitarantim.com.br\/v1\/wp-json\/wp\/v2\/comments?post=151551"}],"version-history":[{"count":6,"href":"https:\/\/www.cronicasdeitarantim.com.br\/v1\/wp-json\/wp\/v2\/posts\/151551\/revisions"}],"predecessor-version":[{"id":151569,"href":"https:\/\/www.cronicasdeitarantim.com.br\/v1\/wp-json\/wp\/v2\/posts\/151551\/revisions\/151569"}],"wp:attachment":[{"href":"https:\/\/www.cronicasdeitarantim.com.br\/v1\/wp-json\/wp\/v2\/media?parent=151551"}],"wp:term":[{"taxonomy":"category","embeddable":true,"href":"https:\/\/www.cronicasdeitarantim.com.br\/v1\/wp-json\/wp\/v2\/categories?post=151551"},{"taxonomy":"post_tag","embeddable":true,"href":"https:\/\/www.cronicasdeitarantim.com.br\/v1\/wp-json\/wp\/v2\/tags?post=151551"}],"curies":[{"name":"wp","href":"https:\/\/api.w.org\/{rel}","templated":true}]}}