{"id":151122,"date":"2022-10-10T18:42:18","date_gmt":"2022-10-10T21:42:18","guid":{"rendered":"https:\/\/www.cronicasdeitarantim.com.br\/v1\/?p=151122"},"modified":"2022-10-10T18:42:18","modified_gmt":"2022-10-10T21:42:18","slug":"prefeito-de-inhambupe-deixa-base-de-acm-neto-e-anuncia-apoio-a-jeronimo","status":"publish","type":"post","link":"https:\/\/www.cronicasdeitarantim.com.br\/v1\/2022\/10\/10\/prefeito-de-inhambupe-deixa-base-de-acm-neto-e-anuncia-apoio-a-jeronimo\/","title":{"rendered":"Prefeito de Inhambupe deixa base de ACM Neto e anuncia apoio a Jer\u00f4nimo"},"content":{"rendered":"<div class=\"conteudo_post\">\n<p>O prefeito de Inhambupe, Fortunato Silva Costa (PSD), anunciou nesta segunda-feira (9) o apoio \u00e0 candidatura de Jer\u00f4nimo Rodrigues (PT) no segundo turno das elei\u00e7\u00f5es. Nena, como \u00e9 conhecido em Inhambupe, apoiou o ex-prefeito de Salvador no primeiro turno das elei\u00e7\u00f5es na Bahia.<\/p>\n<p>\u201cJer\u00f4nimo ser\u00e1 o nosso governador, a partir de 1\u2070 de janeiro, e essa parceria ser\u00e1 muito importante para Inhambupe, junto com o nosso senador Otto Alencar e o nosso deputado Jos\u00e9 Nunes\u201d, afirmou o gestor.<\/p>\n<p>\u201cQuero agradecer ao prefeito Nena, aos vereadores e a todas as lideran\u00e7as que o acompanham em Inhambupe. Agradecer a todos os inhambupenses pela minha vota\u00e7\u00e3o, de Lula e a de Otto, al\u00e9m dos nossos deputados estaduais e federais. Iremos continuar com essa parceria para avan\u00e7armos ainda mais Inhambupe\u201d, agradeceu Jer\u00f4nimo.<\/p>\n<p>Desde a semana passada, logo ap\u00f3s o resultado do 1\u2070 turno das elei\u00e7\u00f5es, Jer\u00f4nimo passou a receber o apoio de dezenas de prefeitos que n\u00e3o marcharam com ele na primeira etapa.<\/p>\n<\/div>\n<div id=\"div-share\"><\/div>\n","protected":false},"excerpt":{"rendered":"<p>O prefeito de Inhambupe, Fortunato Silva Costa (PSD), anunciou nesta segunda-feira (9) o apoio \u00e0 candidatura de Jer\u00f4nimo Rodrigues (PT) no segundo turno das elei\u00e7\u00f5es. Nena, como \u00e9 conhecido em Inhambupe, apoiou o ex-prefeito de Salvador no primeiro turno das elei\u00e7\u00f5es na Bahia. \u201cJer\u00f4nimo ser\u00e1 o nosso governador, a partir de 1\u2070 de janeiro, e essa parceria ser\u00e1 muito importante para Inhambupe, junto com o nosso senador Otto Alencar e o nosso deputado Jos\u00e9 Nunes\u201d, afirmou o gestor. \u201cQuero agradecer ao prefeito Nena, aos vereadores e a todas as lideran\u00e7as que o acompanham em Inhambupe. Agradecer a todos os inhambupenses [&hellip;]<\/p>\n","protected":false},"author":4,"featured_media":151123,"comment_status":"open","ping_status":"open","sticky":false,"template":"","format":"standard","meta":[],"categories":[295],"tags":[973],"_links":{"self":[{"href":"https:\/\/www.cronicasdeitarantim.com.br\/v1\/wp-json\/wp\/v2\/posts\/151122"}],"collection":[{"href":"https:\/\/www.cronicasdeitarantim.com.br\/v1\/wp-json\/wp\/v2\/posts"}],"about":[{"href":"https:\/\/www.cronicasdeitarantim.com.br\/v1\/wp-json\/wp\/v2\/types\/post"}],"author":[{"embeddable":true,"href":"https:\/\/www.cronicasdeitarantim.com.br\/v1\/wp-json\/wp\/v2\/users\/4"}],"replies":[{"embeddable":true,"href":"https:\/\/www.cronicasdeitarantim.com.br\/v1\/wp-json\/wp\/v2\/comments?post=151122"}],"version-history":[{"count":1,"href":"https:\/\/www.cronicasdeitarantim.com.br\/v1\/wp-json\/wp\/v2\/posts\/151122\/revisions"}],"predecessor-version":[{"id":151124,"href":"https:\/\/www.cronicasdeitarantim.com.br\/v1\/wp-json\/wp\/v2\/posts\/151122\/revisions\/151124"}],"wp:featuredmedia":[{"embeddable":true,"href":"https:\/\/www.cronicasdeitarantim.com.br\/v1\/wp-json\/wp\/v2\/media\/151123"}],"wp:attachment":[{"href":"https:\/\/www.cronicasdeitarantim.com.br\/v1\/wp-json\/wp\/v2\/media?parent=151122"}],"wp:term":[{"taxonomy":"category","embeddable":true,"href":"https:\/\/www.cronicasdeitarantim.com.br\/v1\/wp-json\/wp\/v2\/categories?post=151122"},{"taxonomy":"post_tag","embeddable":true,"href":"https:\/\/www.cronicasdeitarantim.com.br\/v1\/wp-json\/wp\/v2\/tags?post=151122"}],"curies":[{"name":"wp","href":"https:\/\/api.w.org\/{rel}","templated":true}]}}