{"id":151067,"date":"2022-10-07T14:31:14","date_gmt":"2022-10-07T17:31:14","guid":{"rendered":"https:\/\/www.cronicasdeitarantim.com.br\/v1\/?p=151067"},"modified":"2022-10-07T14:53:23","modified_gmt":"2022-10-07T17:53:23","slug":"maiquinique-tse-marca-datas-das-convencoes-de-eleicao-suplementar-na-cidade","status":"publish","type":"post","link":"https:\/\/www.cronicasdeitarantim.com.br\/v1\/2022\/10\/07\/maiquinique-tse-marca-datas-das-convencoes-de-eleicao-suplementar-na-cidade\/","title":{"rendered":"MAIQUINIQUE] TSE marca datas das conven\u00e7\u00f5es de elei\u00e7\u00e3o suplementar na cidade"},"content":{"rendered":"<p>O Tribunal Superior Eleitoral (TSE) marcou data para as conven\u00e7\u00f5es partid\u00e1rias na cidade de Maiquinique. A resolu\u00e7\u00e3o Administrativa N\u00b0 28\/2022 foi publicada nos meios de comunica\u00e7\u00e3o do \u00f3rg\u00e3o respons\u00e1vel pelo processo eleitoral essa semana e os partidos t\u00eam at\u00e9 o dia 15 para realizar as conven\u00e7\u00f5es partid\u00e1rias que ir\u00e3o escolher as chapas para os cargos de prefeito\/a e vice-prefeito\/a.\u00a0 As datas organizadas pela justi\u00e7a e oferecidas aos partidos s\u00e3o do dia 12 do corrente m\u00eas ao dia 15 \u00faltima dia da realiza\u00e7\u00e3o para apresentar os candidatos.<\/p>\n<p>Mais uma vez s\u00f3 lembrando que, essa \u00e9 uma elei\u00e7\u00e3o suplementar na cidade. Por conta do afastamento do prefeito Jesulino Porto e sua vice Dra. Zaza que foram afastados por uma a\u00e7\u00e3o movida pelo partido, Podemos municipal. Segundo a a\u00e7\u00e3o, o prefeito fez distribui\u00e7\u00e3o de combust\u00edvel indiscriminadamente, caracterizando abuso de poder econ\u00f4mico.<\/p>\n<p>Com o afastamento do prefeito e a vice, a justi\u00e7a decretou de imediato que o presidente da c\u00e2mara, Chico Bator\u00e9, assumisse a prefeitura at\u00e9 o per\u00edodo da elei\u00e7\u00e3o suplementar que j\u00e1 tem data marcada para o dia 27 de novembro.<\/p>\n<p>Durante este processo muitos candidatos e candidatas j\u00e1 acenaram que ir\u00e3o concorrer. A candidata considerada favorita ao cargo que j\u00e1 vem com um grupo coeso, \u00e9 Val\u00e9ria Silveira, que foi a vice na elei\u00e7\u00e3o de 2020 na chapa do padre Reinaldo. Outros nomes tamb\u00e9m est\u00e3o na disputa pr\u00e9via, como o nome do pr\u00f3prio vereador Chico Bator\u00e9 e, segundo informa\u00e7\u00f5es at\u00e9 mesmo o nome da vice Dra. Zaza.<\/p>\n<p>O TSE tamb\u00e9m definiu que a propaganda eleitoral ser\u00e1 permitida a partir do dia 21 de outubro e a data da diploma\u00e7\u00e3o dos novos prefeito e vice-prefeito ser\u00e1 definida pela Ju\u00edza da 91\u00aa Zona Eleitoral, Giselle de F\u00e1tima Cunha Guimar\u00e3es Ribeiro, obedecendo ao prazo limite de 12 de dezembro de 2022.<\/p>\n<p>Confira resolu\u00e7\u00e3o:\u00a0<a href=\"https:\/\/www.tse.jus.br\/++theme++justica_eleitoral\/pdfjs\/web\/viewer.html?file=https:\/\/www.tse.jus.br\/eleicoes\/eleicoes-suplementares\/calendarios\/arquivos\/tse-eleicao-suplementar-2022-maiquinique-tre-ba\/@@download\/file\/TSE-res-adm-n-28-2022-eleicao-suplementar-maiquinique-91-ze-macarani-27-11-2022.pdf\">Di\u00e1rio da Justi\u00e7a Eletr\u00f4nico<\/a><\/p>\n<p>Site Cr\u00f4nicas de Itarantim<\/p>\n<p>Foto Joabes\/Cr\u00f4nicas<\/p>\n","protected":false},"excerpt":{"rendered":"<p>O Tribunal Superior Eleitoral (TSE) marcou data para as conven\u00e7\u00f5es partid\u00e1rias na cidade de Maiquinique. A resolu\u00e7\u00e3o Administrativa N\u00b0 28\/2022 foi publicada nos meios de comunica\u00e7\u00e3o do \u00f3rg\u00e3o respons\u00e1vel pelo processo eleitoral essa semana e os partidos t\u00eam at\u00e9 o dia 15 para realizar as conven\u00e7\u00f5es partid\u00e1rias que ir\u00e3o escolher as chapas para os cargos de prefeito\/a e vice-prefeito\/a.\u00a0 As datas organizadas pela justi\u00e7a e oferecidas aos partidos s\u00e3o do dia 12 do corrente m\u00eas ao dia 15 \u00faltima dia da realiza\u00e7\u00e3o para apresentar os candidatos. Mais uma vez s\u00f3 lembrando que, essa \u00e9 uma elei\u00e7\u00e3o suplementar na cidade. Por [&hellip;]<\/p>\n","protected":false},"author":4,"featured_media":145976,"comment_status":"open","ping_status":"open","sticky":false,"template":"","format":"standard","meta":[],"categories":[1448],"tags":[973,392,1356],"_links":{"self":[{"href":"https:\/\/www.cronicasdeitarantim.com.br\/v1\/wp-json\/wp\/v2\/posts\/151067"}],"collection":[{"href":"https:\/\/www.cronicasdeitarantim.com.br\/v1\/wp-json\/wp\/v2\/posts"}],"about":[{"href":"https:\/\/www.cronicasdeitarantim.com.br\/v1\/wp-json\/wp\/v2\/types\/post"}],"author":[{"embeddable":true,"href":"https:\/\/www.cronicasdeitarantim.com.br\/v1\/wp-json\/wp\/v2\/users\/4"}],"replies":[{"embeddable":true,"href":"https:\/\/www.cronicasdeitarantim.com.br\/v1\/wp-json\/wp\/v2\/comments?post=151067"}],"version-history":[{"count":3,"href":"https:\/\/www.cronicasdeitarantim.com.br\/v1\/wp-json\/wp\/v2\/posts\/151067\/revisions"}],"predecessor-version":[{"id":151070,"href":"https:\/\/www.cronicasdeitarantim.com.br\/v1\/wp-json\/wp\/v2\/posts\/151067\/revisions\/151070"}],"wp:featuredmedia":[{"embeddable":true,"href":"https:\/\/www.cronicasdeitarantim.com.br\/v1\/wp-json\/wp\/v2\/media\/145976"}],"wp:attachment":[{"href":"https:\/\/www.cronicasdeitarantim.com.br\/v1\/wp-json\/wp\/v2\/media?parent=151067"}],"wp:term":[{"taxonomy":"category","embeddable":true,"href":"https:\/\/www.cronicasdeitarantim.com.br\/v1\/wp-json\/wp\/v2\/categories?post=151067"},{"taxonomy":"post_tag","embeddable":true,"href":"https:\/\/www.cronicasdeitarantim.com.br\/v1\/wp-json\/wp\/v2\/tags?post=151067"}],"curies":[{"name":"wp","href":"https:\/\/api.w.org\/{rel}","templated":true}]}}