{"id":151004,"date":"2022-10-05T15:07:52","date_gmt":"2022-10-05T18:07:52","guid":{"rendered":"https:\/\/www.cronicasdeitarantim.com.br\/v1\/?p=151004"},"modified":"2022-10-05T15:07:52","modified_gmt":"2022-10-05T18:07:52","slug":"eleicao-uma-debandada-de-prefeitos-anunciaram-apoio-ao-candidato-jeronimo-rodrigues","status":"publish","type":"post","link":"https:\/\/www.cronicasdeitarantim.com.br\/v1\/2022\/10\/05\/eleicao-uma-debandada-de-prefeitos-anunciaram-apoio-ao-candidato-jeronimo-rodrigues\/","title":{"rendered":"ELEI\u00c7\u00c3O] Uma debandada de prefeitos anunciaram apoio ao candidato Jer\u00f4nimo Rodrigues"},"content":{"rendered":"<p>ACM Neto (UNI\u00c3O BRASIL) liderou pesquisas durante todo o processo eleitoral, assim v\u00e1rias pesquisas apontavam. As urnas falaram diferente, o candidato do PT, Jer\u00f4nimo Rodrigues abriu frente ampla de 40.19.830 contra 3.316.711 deixando alguns institutos de pesquisas e at\u00e9 mesmo o grupo carlista assustado. O segundo turno \u00e9 uma nova elei\u00e7\u00e3o, come\u00e7a tudo de novo, mas o candidato petista que era tido como azar\u00e3o, desconhecido, agora tem uma ampla vantagem que o candidato ACM Neto tem que correr para tirar essa dist\u00e2ncia. N\u00e3o ser\u00e1 nada f\u00e1cil, logo vemos a debandada de deputados e prefeitos pulando igual pipoca para o lado petista logo ap\u00f3s \u00e0s elei\u00e7\u00f5es, tendo como base os n\u00fameros apresentados. Ningu\u00e9m quer perder.<\/p>\n<p>A milit\u00e2ncia petista no estado n\u00e3o \u00e9 f\u00e1cil mesmo, quando pegamos o hist\u00f3rico das \u00faltimas elei\u00e7\u00f5es passadas nenhum candidato petista era favorito no in\u00edcio das campanhas, as pesquisas davam sempre como perdidos, desde Jaques Wagner depois o desconhecido Rui Costa e agora Jer\u00f4nimo, sempre atr\u00e1s.<\/p>\n<p>Eu sempre comentava que as pesquisas feitas eram sempre na regi\u00e3o metropolitana de Salvador, pesquisas nenhuma chegava at\u00e9 o &#8220;interioz\u00e3o&#8221; da Bahia onde o voto \u00e9 acalorado e pr\u00f3ximo. O senador Coronel numa entrevista nesta quarta-feira (5) na r\u00e1dio Metr\u00f3polis afirmou que \u00e9 o interior que decide, e, o governo do estado chegou nestas localidades com obras importantes. Segundo ele, o povo nota tudo isso, os benef\u00edcios que chegam na cidade.<\/p>\n<p>ACM Neto acende o alerta vermelho. Afinal de contas se o PT vencer mais essa elei\u00e7\u00e3o, j\u00e1 dizem os analistas pol\u00edticos da Bahia que, o representante carlista atual pode desistir de uma disputa direta com o PT no estado. Talvez o &#8220;tanto faz&#8221; dele em cima do muro ir\u00e1 trazer danos pol\u00edticos no futuro. Vamos aguardar o segundo turno que poder\u00e1 consagrar o PT ou enterrar de vez o carlismo na Bahia.<\/p>\n","protected":false},"excerpt":{"rendered":"<p>ACM Neto (UNI\u00c3O BRASIL) liderou pesquisas durante todo o processo eleitoral, assim v\u00e1rias pesquisas apontavam. As urnas falaram diferente, o candidato do PT, Jer\u00f4nimo Rodrigues abriu frente ampla de 40.19.830 contra 3.316.711 deixando alguns institutos de pesquisas e at\u00e9 mesmo o grupo carlista assustado. O segundo turno \u00e9 uma nova elei\u00e7\u00e3o, come\u00e7a tudo de novo, mas o candidato petista que era tido como azar\u00e3o, desconhecido, agora tem uma ampla vantagem que o candidato ACM Neto tem que correr para tirar essa dist\u00e2ncia. N\u00e3o ser\u00e1 nada f\u00e1cil, logo vemos a debandada de deputados e prefeitos pulando igual pipoca para o lado [&hellip;]<\/p>\n","protected":false},"author":4,"featured_media":151007,"comment_status":"open","ping_status":"open","sticky":false,"template":"","format":"standard","meta":[],"categories":[304],"tags":[76,973],"_links":{"self":[{"href":"https:\/\/www.cronicasdeitarantim.com.br\/v1\/wp-json\/wp\/v2\/posts\/151004"}],"collection":[{"href":"https:\/\/www.cronicasdeitarantim.com.br\/v1\/wp-json\/wp\/v2\/posts"}],"about":[{"href":"https:\/\/www.cronicasdeitarantim.com.br\/v1\/wp-json\/wp\/v2\/types\/post"}],"author":[{"embeddable":true,"href":"https:\/\/www.cronicasdeitarantim.com.br\/v1\/wp-json\/wp\/v2\/users\/4"}],"replies":[{"embeddable":true,"href":"https:\/\/www.cronicasdeitarantim.com.br\/v1\/wp-json\/wp\/v2\/comments?post=151004"}],"version-history":[{"count":1,"href":"https:\/\/www.cronicasdeitarantim.com.br\/v1\/wp-json\/wp\/v2\/posts\/151004\/revisions"}],"predecessor-version":[{"id":151008,"href":"https:\/\/www.cronicasdeitarantim.com.br\/v1\/wp-json\/wp\/v2\/posts\/151004\/revisions\/151008"}],"wp:featuredmedia":[{"embeddable":true,"href":"https:\/\/www.cronicasdeitarantim.com.br\/v1\/wp-json\/wp\/v2\/media\/151007"}],"wp:attachment":[{"href":"https:\/\/www.cronicasdeitarantim.com.br\/v1\/wp-json\/wp\/v2\/media?parent=151004"}],"wp:term":[{"taxonomy":"category","embeddable":true,"href":"https:\/\/www.cronicasdeitarantim.com.br\/v1\/wp-json\/wp\/v2\/categories?post=151004"},{"taxonomy":"post_tag","embeddable":true,"href":"https:\/\/www.cronicasdeitarantim.com.br\/v1\/wp-json\/wp\/v2\/tags?post=151004"}],"curies":[{"name":"wp","href":"https:\/\/api.w.org\/{rel}","templated":true}]}}