{"id":150588,"date":"2022-09-15T09:55:43","date_gmt":"2022-09-15T12:55:43","guid":{"rendered":"https:\/\/www.cronicasdeitarantim.com.br\/v1\/?p=150588"},"modified":"2022-09-15T09:55:43","modified_gmt":"2022-09-15T12:55:43","slug":"seis-em-cada-10-baianos-estao-em-inseguranca-alimentar-ba-fica-em-5o-no-ranking-da-fome","status":"publish","type":"post","link":"https:\/\/www.cronicasdeitarantim.com.br\/v1\/2022\/09\/15\/seis-em-cada-10-baianos-estao-em-inseguranca-alimentar-ba-fica-em-5o-no-ranking-da-fome\/","title":{"rendered":"Seis em cada 10 baianos est\u00e3o em inseguran\u00e7a alimentar; BA fica em 5\u00ba no &#8216;ranking da fome&#8217;"},"content":{"rendered":"<p>Principalmente ap\u00f3s os efeitos da pandemia da Covid-19, a fome voltou a \u201cassombrar\u201d a popula\u00e7\u00e3o brasileira. Fotos de pessoas buscando descartes de alimentos para poder ter algo para se alimentar, infelizmente, se tornaram cada vez mais comuns. A Bahia \u00e9 o quinto estado com a maior quantidade de habitantes em situa\u00e7\u00e3o de Inseguran\u00e7a Alimentar (IA), com 9,38 milh\u00f5es de pessoas, representando 62,6% da popula\u00e7\u00e3o baiana. Os dados foram coletados do levantamento \u201cOlhe para a Fome\u201d e organizados pelo Bahia Not\u00edcias.<\/p>\n<p>De acordo \u00e0s informa\u00e7\u00f5es do Bahia Not\u00edcias, mais de 1,7 milh\u00e3o (11,4%) de baianos est\u00e3o em situa\u00e7\u00e3o de fome, n\u00e3o tendo nenhuma refei\u00e7\u00e3o garantida em seu dia, sendo enquadrados na categoria de IA Grave. Sobre a IA Moderada, que tamb\u00e9m agrega a insufici\u00eancia alimentar das fam\u00edlias, por\u00e9m em uma escala menor, esse n\u00famero sobe para 2,25 milh\u00f5es (15%). Com quase 15 milh\u00f5es de habitantes na Bahia, apenas 5,6 milh\u00f5es (37,4%) possuem acesso pleno \u00e0 alimenta\u00e7\u00e3o, sendo categorizados em Seguran\u00e7a Alimentar (SA).<\/p>\n<p>Na Bahia, 44,7% das crian\u00e7as abaixo dos 10 anos de idade passam por dificuldades para se alimentar todos os dias, estando em IA Grave ou Moderada. Apenas 29,3% possuem acesso a alimenta\u00e7\u00e3o sem restri\u00e7\u00f5es.<\/p>\n<p>O levantamento Olhe para a Fome realizou avalia\u00e7\u00e3o em 510 domic\u00edlios ao redor do estado da Bahia, chegando nas \u00e1reas urbanas e rurais. A coleta de dados ocorreu entre novembro de 2021 e abril de 2022. Os resultados mostram desigualdades sociais e de acesso aos alimentos n\u00e3o apenas entre as macrorregi\u00f5es, mas tamb\u00e9m entre os estados de uma mesma macrorregi\u00e3o.<\/p>\n<p>FOME NO BRASIL<\/p>\n<p>De acordo com a pesquisa, no Brasil se tem 125,2 milh\u00f5es de habitantes em situa\u00e7\u00e3o de IA. Do total, 33 milh\u00f5es est\u00e3o passando fome, ou seja, a cada 10 fam\u00edlias brasileiras, 3 n\u00e3o possuem pelo menos uma refei\u00e7\u00e3o garantida por dia. Em 2020, havia 116,8 milh\u00f5es de brasileiros com algum grau de inseguran\u00e7a. Sendo que 19 milh\u00f5es j\u00e1 enfrentavam a fome no pa\u00eds.<\/p>\n<p>\u00c0 frente na Bahia na quest\u00e3o de IA, ficaram os estados de: S\u00e3o Paulo (26,1 milh\u00f5es), Minas Gerais (11,2 milh\u00f5es) e Rio de Janeiro (9,9 milh\u00f5es). Em rela\u00e7\u00e3o a incid\u00eancia, a unidade federativa do Cear\u00e1 liderou o quesito com 81,8% dos habitantes em situa\u00e7\u00e3o de IA.<\/p>\n","protected":false},"excerpt":{"rendered":"<p>Principalmente ap\u00f3s os efeitos da pandemia da Covid-19, a fome voltou a \u201cassombrar\u201d a popula\u00e7\u00e3o brasileira. Fotos de pessoas buscando descartes de alimentos para poder ter algo para se alimentar, infelizmente, se tornaram cada vez mais comuns. A Bahia \u00e9 o quinto estado com a maior quantidade de habitantes em situa\u00e7\u00e3o de Inseguran\u00e7a Alimentar (IA), com 9,38 milh\u00f5es de pessoas, representando 62,6% da popula\u00e7\u00e3o baiana. Os dados foram coletados do levantamento \u201cOlhe para a Fome\u201d e organizados pelo Bahia Not\u00edcias. De acordo \u00e0s informa\u00e7\u00f5es do Bahia Not\u00edcias, mais de 1,7 milh\u00e3o (11,4%) de baianos est\u00e3o em situa\u00e7\u00e3o de fome, n\u00e3o [&hellip;]<\/p>\n","protected":false},"author":4,"featured_media":142888,"comment_status":"open","ping_status":"open","sticky":false,"template":"","format":"standard","meta":[],"categories":[295],"tags":[76,433,483,1728],"_links":{"self":[{"href":"https:\/\/www.cronicasdeitarantim.com.br\/v1\/wp-json\/wp\/v2\/posts\/150588"}],"collection":[{"href":"https:\/\/www.cronicasdeitarantim.com.br\/v1\/wp-json\/wp\/v2\/posts"}],"about":[{"href":"https:\/\/www.cronicasdeitarantim.com.br\/v1\/wp-json\/wp\/v2\/types\/post"}],"author":[{"embeddable":true,"href":"https:\/\/www.cronicasdeitarantim.com.br\/v1\/wp-json\/wp\/v2\/users\/4"}],"replies":[{"embeddable":true,"href":"https:\/\/www.cronicasdeitarantim.com.br\/v1\/wp-json\/wp\/v2\/comments?post=150588"}],"version-history":[{"count":1,"href":"https:\/\/www.cronicasdeitarantim.com.br\/v1\/wp-json\/wp\/v2\/posts\/150588\/revisions"}],"predecessor-version":[{"id":150589,"href":"https:\/\/www.cronicasdeitarantim.com.br\/v1\/wp-json\/wp\/v2\/posts\/150588\/revisions\/150589"}],"wp:featuredmedia":[{"embeddable":true,"href":"https:\/\/www.cronicasdeitarantim.com.br\/v1\/wp-json\/wp\/v2\/media\/142888"}],"wp:attachment":[{"href":"https:\/\/www.cronicasdeitarantim.com.br\/v1\/wp-json\/wp\/v2\/media?parent=150588"}],"wp:term":[{"taxonomy":"category","embeddable":true,"href":"https:\/\/www.cronicasdeitarantim.com.br\/v1\/wp-json\/wp\/v2\/categories?post=150588"},{"taxonomy":"post_tag","embeddable":true,"href":"https:\/\/www.cronicasdeitarantim.com.br\/v1\/wp-json\/wp\/v2\/tags?post=150588"}],"curies":[{"name":"wp","href":"https:\/\/api.w.org\/{rel}","templated":true}]}}