{"id":150428,"date":"2022-09-07T15:10:39","date_gmt":"2022-09-07T18:10:39","guid":{"rendered":"https:\/\/www.cronicasdeitarantim.com.br\/v1\/?p=150428"},"modified":"2022-09-07T15:10:39","modified_gmt":"2022-09-07T18:10:39","slug":"em-itarantim-boa-parte-dos-professores-nao-participaram-do-desfile-civico","status":"publish","type":"post","link":"https:\/\/www.cronicasdeitarantim.com.br\/v1\/2022\/09\/07\/em-itarantim-boa-parte-dos-professores-nao-participaram-do-desfile-civico\/","title":{"rendered":"Em Itarantim boa parte dos professores n\u00e3o participaram do desfile c\u00edvico"},"content":{"rendered":"<p>Aconteceu ontem ter\u00e7a-feira (6) no Munic\u00edpio de Itarantim o desfile c\u00edvico em comemora\u00e7\u00e3o a independ\u00eancia do Brasil (200 anos), realizado pela secretaria de Educa\u00e7\u00e3o de Itarantim, por\u00e9m foi poss\u00edvel notar a aus\u00eancia de muitos professores da rede de ensino no presente evento.<br \/>\nUma boa parte dos professores do munic\u00edpio de Itarantim resolveram n\u00e3o Aderir o evento em forma de protesto contra atual de gest\u00e3o de F\u00e1bio Gusm\u00e3o (PSD) que se recusa cumprir o piso salarial do professor.<\/p>\n<p>A APLB sindicato n\u00facleo de Itarantim entidade que defende os profissionais da educa\u00e7\u00e3o, orientou os profissionais a cumprirem os seus hor\u00e1rios nas escolas.<\/p>\n<p>Recordando: a APLB ainda este ano realizou duas paralizac\u00f5es no munic\u00edpio em protesto ao n\u00e3o pagamento do piso. Manifestaram pelas ruas da cidade chamando a secretaria de educa\u00e7\u00e3o e o prefeito para debater sobre o assunto. O prefeito F\u00e1bio Gusm\u00e3o insiste alegando que a prefeitura n\u00e3o tem a m\u00ednima condi\u00e7\u00e3o de pagar os professores.<\/p>\n<p>O caso ficou hilariante na cidade, nas redes sociais at\u00e9 v\u00eddeos de populares foram gravados cobrando do gestor que pague os professores.<\/p>\n","protected":false},"excerpt":{"rendered":"<p>Aconteceu ontem ter\u00e7a-feira (6) no Munic\u00edpio de Itarantim o desfile c\u00edvico em comemora\u00e7\u00e3o a independ\u00eancia do Brasil (200 anos), realizado pela secretaria de Educa\u00e7\u00e3o de Itarantim, por\u00e9m foi poss\u00edvel notar a aus\u00eancia de muitos professores da rede de ensino no presente evento. Uma boa parte dos professores do munic\u00edpio de Itarantim resolveram n\u00e3o Aderir o evento em forma de protesto contra atual de gest\u00e3o de F\u00e1bio Gusm\u00e3o (PSD) que se recusa cumprir o piso salarial do professor. A APLB sindicato n\u00facleo de Itarantim entidade que defende os profissionais da educa\u00e7\u00e3o, orientou os profissionais a cumprirem os seus hor\u00e1rios nas escolas. [&hellip;]<\/p>\n","protected":false},"author":4,"featured_media":150430,"comment_status":"open","ping_status":"open","sticky":false,"template":"","format":"standard","meta":[],"categories":[1448],"tags":[1145,385,542,1543,232],"_links":{"self":[{"href":"https:\/\/www.cronicasdeitarantim.com.br\/v1\/wp-json\/wp\/v2\/posts\/150428"}],"collection":[{"href":"https:\/\/www.cronicasdeitarantim.com.br\/v1\/wp-json\/wp\/v2\/posts"}],"about":[{"href":"https:\/\/www.cronicasdeitarantim.com.br\/v1\/wp-json\/wp\/v2\/types\/post"}],"author":[{"embeddable":true,"href":"https:\/\/www.cronicasdeitarantim.com.br\/v1\/wp-json\/wp\/v2\/users\/4"}],"replies":[{"embeddable":true,"href":"https:\/\/www.cronicasdeitarantim.com.br\/v1\/wp-json\/wp\/v2\/comments?post=150428"}],"version-history":[{"count":1,"href":"https:\/\/www.cronicasdeitarantim.com.br\/v1\/wp-json\/wp\/v2\/posts\/150428\/revisions"}],"predecessor-version":[{"id":150429,"href":"https:\/\/www.cronicasdeitarantim.com.br\/v1\/wp-json\/wp\/v2\/posts\/150428\/revisions\/150429"}],"wp:featuredmedia":[{"embeddable":true,"href":"https:\/\/www.cronicasdeitarantim.com.br\/v1\/wp-json\/wp\/v2\/media\/150430"}],"wp:attachment":[{"href":"https:\/\/www.cronicasdeitarantim.com.br\/v1\/wp-json\/wp\/v2\/media?parent=150428"}],"wp:term":[{"taxonomy":"category","embeddable":true,"href":"https:\/\/www.cronicasdeitarantim.com.br\/v1\/wp-json\/wp\/v2\/categories?post=150428"},{"taxonomy":"post_tag","embeddable":true,"href":"https:\/\/www.cronicasdeitarantim.com.br\/v1\/wp-json\/wp\/v2\/tags?post=150428"}],"curies":[{"name":"wp","href":"https:\/\/api.w.org\/{rel}","templated":true}]}}