{"id":150238,"date":"2022-08-30T22:55:08","date_gmt":"2022-08-31T01:55:08","guid":{"rendered":"https:\/\/www.cronicasdeitarantim.com.br\/v1\/?p=150238"},"modified":"2022-08-30T22:58:23","modified_gmt":"2022-08-31T01:58:23","slug":"gerente-da-empresa-renata-melo-discute-com-representantes-de-sindicato-que-acusa-empresa-de-exploracao","status":"publish","type":"post","link":"https:\/\/www.cronicasdeitarantim.com.br\/v1\/2022\/08\/30\/gerente-da-empresa-renata-melo-discute-com-representantes-de-sindicato-que-acusa-empresa-de-exploracao\/","title":{"rendered":"Gerente da empresa Renata Melo discute com representantes de sindicato que acusa empresa de explora\u00e7\u00e3o"},"content":{"rendered":"<p>Como j\u00e1 hav\u00edamos publicado aqui (<a href=\"https:\/\/www.cronicasdeitarantim.com.br\/v1\/2022\/08\/30\/sindicato-faz-manifestacao-em-frente-empresa-renata-melo\/\">Renata Melo)\u00a0<\/a>o sindicato representantes dos trabalhadores da empresa Renata Melo, atrav\u00e9s de uma den\u00fancia de que, funcion\u00e1rios est\u00e3o sendo explorados, fez um ato de manifesta\u00e7\u00e3o em frente a empresa cal\u00e7adista Renata Melo em Itarantim sudoeste baiano. De acordo informa\u00e7\u00f5es apuradas pela site, funcion\u00e1rios denunciaram a empresa de explora\u00e7\u00e3o do trabalho onde eles estavam realizando horas extras exautivas sem as garantias dos direitos. Segundo fonte de um funcion\u00e1rio da empresa de cal\u00e7ados, alguns funcion\u00e1rios entravam \u00e0s 7 da manh\u00e3 e s\u00f3 saiam \u00e0s 19 horas sem a empresa dar muita explica\u00e7\u00e3o.\u00a0 No ato do sindicato que manifestava no local, um v\u00eddeo que foi enviado para nossa reda\u00e7\u00e3o, mostra, segundo informa\u00e7\u00f5es, o gerente da empresa &#8220;batendo boca&#8221; com representes do sindicato que n\u00e3o se intimida e chama o gente de &#8220;coronelzinho&#8221;.<\/p>\n<p>Veja o v\u00eddeo no nosso Instagram e siga nossa p\u00e1gina para receber todas \u00e0s informa\u00e7\u00f5es:<\/p>\n<p><a href=\"https:\/\/www.instagram.com\/reel\/Ch58g9LrHNO\/?igshid=YmMyMTA2M2Y=\">https:\/\/www.instagram.com\/reel\/Ch58g9LrHNO\/?igshid=YmMyMTA2M2Y=<\/a><\/p>\n<p>&nbsp;<\/p>\n","protected":false},"excerpt":{"rendered":"<p>Como j\u00e1 hav\u00edamos publicado aqui (Renata Melo)\u00a0o sindicato representantes dos trabalhadores da empresa Renata Melo, atrav\u00e9s de uma den\u00fancia de que, funcion\u00e1rios est\u00e3o sendo explorados, fez um ato de manifesta\u00e7\u00e3o em frente a empresa cal\u00e7adista Renata Melo em Itarantim sudoeste baiano. De acordo informa\u00e7\u00f5es apuradas pela site, funcion\u00e1rios denunciaram a empresa de explora\u00e7\u00e3o do trabalho onde eles estavam realizando horas extras exautivas sem as garantias dos direitos. Segundo fonte de um funcion\u00e1rio da empresa de cal\u00e7ados, alguns funcion\u00e1rios entravam \u00e0s 7 da manh\u00e3 e s\u00f3 saiam \u00e0s 19 horas sem a empresa dar muita explica\u00e7\u00e3o.\u00a0 No ato do sindicato que [&hellip;]<\/p>\n","protected":false},"author":4,"featured_media":150236,"comment_status":"open","ping_status":"open","sticky":false,"template":"","format":"standard","meta":[],"categories":[309],"tags":[385,542],"_links":{"self":[{"href":"https:\/\/www.cronicasdeitarantim.com.br\/v1\/wp-json\/wp\/v2\/posts\/150238"}],"collection":[{"href":"https:\/\/www.cronicasdeitarantim.com.br\/v1\/wp-json\/wp\/v2\/posts"}],"about":[{"href":"https:\/\/www.cronicasdeitarantim.com.br\/v1\/wp-json\/wp\/v2\/types\/post"}],"author":[{"embeddable":true,"href":"https:\/\/www.cronicasdeitarantim.com.br\/v1\/wp-json\/wp\/v2\/users\/4"}],"replies":[{"embeddable":true,"href":"https:\/\/www.cronicasdeitarantim.com.br\/v1\/wp-json\/wp\/v2\/comments?post=150238"}],"version-history":[{"count":4,"href":"https:\/\/www.cronicasdeitarantim.com.br\/v1\/wp-json\/wp\/v2\/posts\/150238\/revisions"}],"predecessor-version":[{"id":150242,"href":"https:\/\/www.cronicasdeitarantim.com.br\/v1\/wp-json\/wp\/v2\/posts\/150238\/revisions\/150242"}],"wp:featuredmedia":[{"embeddable":true,"href":"https:\/\/www.cronicasdeitarantim.com.br\/v1\/wp-json\/wp\/v2\/media\/150236"}],"wp:attachment":[{"href":"https:\/\/www.cronicasdeitarantim.com.br\/v1\/wp-json\/wp\/v2\/media?parent=150238"}],"wp:term":[{"taxonomy":"category","embeddable":true,"href":"https:\/\/www.cronicasdeitarantim.com.br\/v1\/wp-json\/wp\/v2\/categories?post=150238"},{"taxonomy":"post_tag","embeddable":true,"href":"https:\/\/www.cronicasdeitarantim.com.br\/v1\/wp-json\/wp\/v2\/tags?post=150238"}],"curies":[{"name":"wp","href":"https:\/\/api.w.org\/{rel}","templated":true}]}}