{"id":150017,"date":"2022-08-19T19:12:21","date_gmt":"2022-08-19T22:12:21","guid":{"rendered":"https:\/\/www.cronicasdeitarantim.com.br\/v1\/?p=150017"},"modified":"2022-08-19T19:12:21","modified_gmt":"2022-08-19T22:12:21","slug":"tre-ba-define-tempo-de-aparicao-de-candidatos-no-horario-eleitoral","status":"publish","type":"post","link":"https:\/\/www.cronicasdeitarantim.com.br\/v1\/2022\/08\/19\/tre-ba-define-tempo-de-aparicao-de-candidatos-no-horario-eleitoral\/","title":{"rendered":"TRE-BA define tempo de apari\u00e7\u00e3o de candidatos no hor\u00e1rio eleitoral"},"content":{"rendered":"<p>O Tribunal Regional Eleitoral da Bahia (TRE-BA) divulgou, nesta sexta-feira (19), o tempo de apari\u00e7\u00e3o da campanha de cada candidato ao governo da Bahia no r\u00e1dio e na televis\u00e3o.\u00a0ACM Neto (UNI\u00c3O) ter\u00e1 um minuto a mais de propaganda do que Jer\u00f4nimo Rodrigues (PT), que, por sua vez, ter\u00e1 mais que o triplo do tempo reservado a Jo\u00e3o Roma (PL).\u00a0Kleber Rosa (PSOL) \u00e9 o candidato com o menor tempo de apari\u00e7\u00e3o.<\/p>\n<p>O hor\u00e1rio de\u00a0propaganda eleitoral\u00a0gratuito no r\u00e1dio e na TV come\u00e7a no pr\u00f3ximo dia 26.<\/p>\n<p><strong>Confira os\u00a0tempo de TV e r\u00e1dio para cada chapa:<\/strong><\/p>\n<ul>\n<li>Pra Mudar a Bahia &#8211; ACM Neto (UNI\u00c3O): 4m39s &#8211; TV e r\u00e1dio;<\/li>\n<li>Pela Bahia, Pelo Brasil &#8211; Jer\u00f4nimo (PT): 3m39s &#8211; TV e r\u00e1dio ;<\/li>\n<li>Bahia de M\u00e3os Dadas com o Brasil &#8211; Jo\u00e3o Roma (PL): 1m12s &#8211; TV e r\u00e1dio;<\/li>\n<li>Agora \u00e9 a vez do povo &#8211; Kleber Rosa (PSOL) &#8211; 27s &#8211; TV; 30s &#8211; r\u00e1dio.<\/li>\n<\/ul>\n<p>A ordem de veicula\u00e7\u00e3o seguir\u00e1 a organiza\u00e7\u00e3o descrescente do tempo reservado para a campanha eleitoral de cada candidato, ou seja, respectivamente Neto, Jer\u00f4nimo, Roma e Kleber. A exibi\u00e7\u00e3o ocorrer\u00e1 \u00e0s segundas, quartas e sextas, das 7h15 \u00e0s 7h25 e das 12h15 \u00e0s 12h25 no r\u00e1dio e\u00a0das 13h15 \u00e0s 13h25 e das 20h35 \u00e0s 20h45 na TV.<\/p>\n","protected":false},"excerpt":{"rendered":"<p>O Tribunal Regional Eleitoral da Bahia (TRE-BA) divulgou, nesta sexta-feira (19), o tempo de apari\u00e7\u00e3o da campanha de cada candidato ao governo da Bahia no r\u00e1dio e na televis\u00e3o.\u00a0ACM Neto (UNI\u00c3O) ter\u00e1 um minuto a mais de propaganda do que Jer\u00f4nimo Rodrigues (PT), que, por sua vez, ter\u00e1 mais que o triplo do tempo reservado a Jo\u00e3o Roma (PL).\u00a0Kleber Rosa (PSOL) \u00e9 o candidato com o menor tempo de apari\u00e7\u00e3o. O hor\u00e1rio de\u00a0propaganda eleitoral\u00a0gratuito no r\u00e1dio e na TV come\u00e7a no pr\u00f3ximo dia 26. Confira os\u00a0tempo de TV e r\u00e1dio para cada chapa: Pra Mudar a Bahia &#8211; ACM Neto [&hellip;]<\/p>\n","protected":false},"author":4,"featured_media":0,"comment_status":"open","ping_status":"open","sticky":false,"template":"","format":"standard","meta":[],"categories":[304],"tags":[973],"_links":{"self":[{"href":"https:\/\/www.cronicasdeitarantim.com.br\/v1\/wp-json\/wp\/v2\/posts\/150017"}],"collection":[{"href":"https:\/\/www.cronicasdeitarantim.com.br\/v1\/wp-json\/wp\/v2\/posts"}],"about":[{"href":"https:\/\/www.cronicasdeitarantim.com.br\/v1\/wp-json\/wp\/v2\/types\/post"}],"author":[{"embeddable":true,"href":"https:\/\/www.cronicasdeitarantim.com.br\/v1\/wp-json\/wp\/v2\/users\/4"}],"replies":[{"embeddable":true,"href":"https:\/\/www.cronicasdeitarantim.com.br\/v1\/wp-json\/wp\/v2\/comments?post=150017"}],"version-history":[{"count":1,"href":"https:\/\/www.cronicasdeitarantim.com.br\/v1\/wp-json\/wp\/v2\/posts\/150017\/revisions"}],"predecessor-version":[{"id":150018,"href":"https:\/\/www.cronicasdeitarantim.com.br\/v1\/wp-json\/wp\/v2\/posts\/150017\/revisions\/150018"}],"wp:attachment":[{"href":"https:\/\/www.cronicasdeitarantim.com.br\/v1\/wp-json\/wp\/v2\/media?parent=150017"}],"wp:term":[{"taxonomy":"category","embeddable":true,"href":"https:\/\/www.cronicasdeitarantim.com.br\/v1\/wp-json\/wp\/v2\/categories?post=150017"},{"taxonomy":"post_tag","embeddable":true,"href":"https:\/\/www.cronicasdeitarantim.com.br\/v1\/wp-json\/wp\/v2\/tags?post=150017"}],"curies":[{"name":"wp","href":"https:\/\/api.w.org\/{rel}","templated":true}]}}