{"id":149720,"date":"2022-08-08T23:11:53","date_gmt":"2022-08-09T02:11:53","guid":{"rendered":"https:\/\/www.cronicasdeitarantim.com.br\/v1\/?p=149720"},"modified":"2022-08-08T23:11:53","modified_gmt":"2022-08-09T02:11:53","slug":"de-r-197-a-r-246-milhoes-veja-o-patrimonio-declarado-ao-tse-dos-candidatos-a-presidencia-ate-agora","status":"publish","type":"post","link":"https:\/\/www.cronicasdeitarantim.com.br\/v1\/2022\/08\/08\/de-r-197-a-r-246-milhoes-veja-o-patrimonio-declarado-ao-tse-dos-candidatos-a-presidencia-ate-agora\/","title":{"rendered":"De R$ 197 a R$ 24,6 milh\u00f5es: veja o patrim\u00f4nio declarado ao TSE dos candidatos \u00e0 Presid\u00eancia at\u00e9 agora"},"content":{"rendered":"<div class=\"mc-column content-text active-extra-styles \" data-block-type=\"unstyled\" data-block-weight=\"48\" data-block-id=\"2\">\n<p class=\"content-text__container \" data-track-category=\"Link no Texto\" data-track-links=\"\">O Tribunal Superior Eleitoral (TSE) come\u00e7ou a divulgar neste domingo (7) os bens declarados pelos candidatos \u00e0 Presid\u00eancia da Rep\u00fablica que j\u00e1 registraram sua candidatura <strong>(veja mais no v\u00eddeo acima)<\/strong>. Os valores dos patrim\u00f4nios informados at\u00e9 esta segunda-feira (8) v\u00e3o de R$ 197 a R$ 24,6 milh\u00f5es.<\/p>\n<div class=\"mc-column content-text active-extra-styles \" data-block-type=\"unstyled\" data-block-weight=\"27\" data-block-id=\"4\">\n<p class=\"content-text__container \" data-track-category=\"Link no Texto\" data-track-links=\"\">O patrim\u00f4nio mais alto at\u00e9 agora \u00e9 o do candidato do Novo, Felipe D&#8217;Avila. O mais baixo \u00e9 o do presidenci\u00e1vel da Unidade Popular (UP), <a href=\"https:\/\/g1.globo.com\/politica\/politico\/leonardo-pericles-vieira-roque\/\">L\u00e9o P\u00e9ricles<\/a>.<\/p>\n<\/div>\n<div class=\"mc-column content-text active-extra-styles \" data-block-type=\"unstyled\" data-block-weight=\"25\" data-block-id=\"5\">\n<p class=\"content-text__container \" data-track-category=\"Link no Texto\" data-track-links=\"\">At\u00e9 a \u00faltima atualiza\u00e7\u00e3o desta reportagem, sete candidaturas \u00e0 Presid\u00eancia da Rep\u00fablica haviam sido registradas no TSE. O prazo termina em 15 de agosto.<\/p>\n<div class=\"mc-column content-text active-extra-styles \" data-block-type=\"unstyled\" data-block-weight=\"38\" data-block-id=\"7\">\n<p class=\"content-text__container \" data-track-category=\"Link no Texto\" data-track-links=\"\">Candidatos como o presidente Jair Bolsonaro (PL) e Ciro Gomes (PDT), que j\u00e1 tiveram seus nomes oficializados por seus respectivos partidos para disputar as elei\u00e7\u00f5es, ainda n\u00e3o registraram candidatura no TSE e, portanto, n\u00e3o tiveram o patrim\u00f4nio divulgado.<\/p>\n<div class=\"mc-column content-text active-extra-styles\" data-block-type=\"raw\" data-block-weight=\"7\" data-block-id=\"12\">\n<div class=\"content-intertitle\">\n<h4>Felipe D&#8217;Avilla (Novo) &#8211; R$ 24,6 milh\u00f5es<\/h4>\n<\/div>\n<\/div>\n<div class=\"content-ads content-ads--reveal\" data-block-type=\"ads\" data-block-id=\"13\">O candidato do Novo \u00e0 Presid\u00eancia da Rep\u00fablica, o cientista pol\u00edtico e empres\u00e1rio Felipe D&#8217;Avila, informou \u00e0 Justi\u00e7a Eleitoral ter R$ 24,6 milh\u00f5es em bens. O patrim\u00f4nio inclui uma casa de R$ 2,3 milh\u00f5es e participa\u00e7\u00f5es em investimentos nos valores de R$ 7 milh\u00f5es e R$ 10,3 milh\u00f5es.<\/div>\n<div class=\"mc-column content-text active-extra-styles \" data-block-type=\"unstyled\" data-block-weight=\"37\" data-block-id=\"15\">\n<p class=\"content-text__container \" data-track-category=\"Link no Texto\" data-track-links=\"\">J\u00e1 o candidato a vice pelo Novo, o administrador Tiago Mitraud, informou contabilizar R$ 1,9 milh\u00e3o em bens. O valor inclui uma aplica\u00e7\u00e3o em renda fixa de R$ 1 milh\u00e3o e uma apartamento de R$ 117,4 mil.<\/p>\n<div class=\"mc-column content-text active-extra-styles\" data-block-type=\"raw\" data-block-weight=\"6\" data-block-id=\"17\">\n<div class=\"content-intertitle\">\n<h4>L\u00e9o P\u00e9ricles (UP) &#8211; R$ 197,31<\/h4>\n<\/div>\n<\/div>\n<div class=\"mc-column content-text active-extra-styles \" data-block-type=\"unstyled\" data-block-weight=\"55\" data-block-id=\"18\">\n<p class=\"content-text__container \" data-track-category=\"Link no Texto\" data-track-links=\"\">O candidato da Unidade Popular, o ativista social L\u00e9o P\u00e9ricles, declarou ter R$ 197,31 em um investimento na caderneta de poupan\u00e7a. A candidata a vice do partido, a servidora p\u00fablica Samara Martins, informou que tem R$ 3.364,55 em bens. P\u00e9ricles e Martins formam a \u00fanica chapa integralmente constitu\u00edda por pessoas pretas nas elei\u00e7\u00f5es de 2022.<\/p>\n<div class=\"mc-column content-text active-extra-styles\" data-block-type=\"raw\" data-block-weight=\"7\" data-block-id=\"20\">\n<div class=\"content-intertitle\">\n<h4><a href=\"https:\/\/g1.globo.com\/politica\/politico\/lula\/\">Lula<\/a> (PT) &#8211; R$ 7,4 milh\u00f5es<\/h4>\n<\/div>\n<\/div>\n<div class=\"mc-column content-text active-extra-styles \" data-block-type=\"unstyled\" data-block-weight=\"44\" data-block-id=\"21\">\n<p class=\"content-text__container \" data-track-category=\"Link no Texto\" data-track-links=\"\">O candidato do Partido dos Trabalhadores (PT), o ex-presidente Luiz In\u00e1cio Lula da Silva, informou ao TSE ter R$ 7,4 milh\u00f5es em bens, incluindo um apartamento de R$ 94.571,25 e R$ 5,5 milh\u00f5es em previd\u00eancia privada na modalidade VGBL (Vida Gerador de Benef\u00edcio Livre).<\/p>\n<\/div>\n<div class=\"content-ads content-ads--reveal\" data-block-type=\"ads\" data-block-id=\"22\">J\u00e1 o candidato a vice na chapa, o ex-governador de S\u00e3o Paulo <a href=\"https:\/\/g1.globo.com\/politica\/politico\/geraldo-alckmin\/\">Geraldo Alckmin<\/a> (PSB), declarou ao TSE ter um patrim\u00f4nio de R$ 1 milh\u00e3o. Seu bem de maior valor \u00e9 um apartamento de R$ 323.806,02.<\/div>\n<\/div>\n<div data-block-type=\"ads\" data-block-id=\"22\"><\/div>\n<h4 data-block-type=\"ads\" data-block-id=\"22\">Pablo Mar\u00e7al (Pros) &#8211; R$ 16,9 milh\u00f5es<\/h4>\n<\/div>\n<div data-block-type=\"ads\" data-block-id=\"22\">\n<div class=\"mc-column content-text active-extra-styles \" data-block-type=\"unstyled\" data-block-weight=\"35\" data-block-id=\"26\">\n<p class=\"content-text__container \" data-track-category=\"Link no Texto\" data-track-links=\"\">Nome que teve a candidatura registrada no TSE pelo Pros, o coach e influenciador digital Pablo Mar\u00e7al declarou ter R$ 16,9 milh\u00f5es em bens. Do total, cerca de R$ 13 milh\u00f5es prov\u00eam de participa\u00e7\u00f5es societ\u00e1rias.<\/p>\n<\/div>\n<div class=\"mc-column content-text active-extra-styles \" data-block-type=\"unstyled\" data-block-weight=\"18\" data-block-id=\"27\">\n<p class=\"content-text__container \" data-track-category=\"Link no Texto\" data-track-links=\"\">A candidata \u00e0 vice-presid\u00eancia pela chapa, a policial militar F\u00e1tima P\u00e9rola Neggra (Pros), n\u00e3o cadastrou bens no TSE.<\/p>\n<\/div>\n<div class=\"mc-column content-text active-extra-styles \" data-block-type=\"unstyled\" data-block-weight=\"62\" data-block-id=\"28\">\n<p class=\"content-text__container \" data-track-category=\"Link no Texto\" data-track-links=\"\">Apesar de o nome de Mar\u00e7al ter sido registrado no TSE, a <a href=\"https:\/\/g1.globo.com\/politica\/eleicoes\/2022\/noticia\/2022\/08\/08\/proxima-ao-pt-nova-direcao-do-pros-revoga-candidatura-de-pablo-marcal-a-presidencia.ghtml\">nova dire\u00e7\u00e3o do Pros definiu por retir\u00e1-lo da disputa eleitoral<\/a>. A retirada da candidatura pr\u00f3pria ocorreu de forma un\u00e2nime em vota\u00e7\u00e3o feita com 29 integrantes da c\u00fapula do partido presentes em reuni\u00e3o, segundo ata registrada pelo partido no TSE. O partido dever\u00e1 declarar apoio a Lula j\u00e1 no primeiro turno.<\/p>\n<div class=\"mc-column content-text active-extra-styles\" data-block-type=\"raw\" data-block-weight=\"7\" data-block-id=\"30\">\n<div class=\"content-intertitle\">\n<h4><a href=\"https:\/\/g1.globo.com\/politica\/politico\/simone-tebet\/\">Simone Tebet<\/a> (MDB) &#8211; R$ 2,3 milh\u00f5es<\/h4>\n<\/div>\n<\/div>\n<div class=\"mc-column content-text active-extra-styles \" data-block-type=\"unstyled\" data-block-weight=\"40\" data-block-id=\"31\">\n<p class=\"content-text__container \" data-track-category=\"Link no Texto\" data-track-links=\"\">A candidata do MDB, a senadora Simone Tebet, informou \u00e0 Justi\u00e7a Eleitoral ter R$ 2,3 milh\u00f5es em bens. A maior parte do patrim\u00f4nio prov\u00e9m de im\u00f3veis, incluindo cinco apartamentos de R$ 200 mil e dois terrenos de R$ 200 mil.<\/p>\n<\/div>\n<div class=\"content-ads content-ads--reveal\" data-block-type=\"ads\" data-block-id=\"32\">A vice na chapa, a tamb\u00e9m senadora <a href=\"https:\/\/g1.globo.com\/politica\/politico\/mara-gabrilli\/\">Mara Gabrilli<\/a> (PSDB), declarou ter patrim\u00f4nio de R$ 12,8 milh\u00f5es em bens. O valor inclui R$ 5,1 em aplica\u00e7\u00f5es em investimentos, R$ 2,3 milh\u00f5es em previd\u00eancia privada na modalidade VGBL (Vida Gerador de Benef\u00edcio Livre) e um apartamento de R$ 950 mil.<\/div>\n<\/div>\n<\/div>\n<\/div>\n<\/div>\n<\/div>\n<div data-block-type=\"ads\" data-block-id=\"32\"><\/div>\n<h4 data-block-type=\"ads\" data-block-id=\"32\">Sofia Manzano (PCB) &#8211; R$ 498 mil<\/h4>\n<div data-block-type=\"ads\" data-block-id=\"32\">\n<div class=\"mc-column content-text active-extra-styles \" data-block-type=\"unstyled\" data-block-weight=\"38\" data-block-id=\"36\">\n<p class=\"content-text__container \" data-track-category=\"Link no Texto\" data-track-links=\"\">A candidata do PCB \u00e0 presid\u00eancia, a economista e professora Sofia Manzano, informou \u00e0 Justi\u00e7a Eleitoral ter R$ 498 mil em bens. O patrim\u00f4nio inclui um apartamento de R$ 200 mil e uma casa de R$ 294 mil.<\/p>\n<\/div>\n<div class=\"mc-column content-text active-extra-styles \" data-block-type=\"unstyled\" data-block-weight=\"29\" data-block-id=\"37\">\n<p class=\"content-text__container \" data-track-category=\"Link no Texto\" data-track-links=\"\">O candidato a vice na chapa, o jornalista Ant\u00f4nio Alves (PCB), declarou ao TSE ter R$ 13,3 mil em bens, sendo R$ 12 mil relativo a um ve\u00edculo automotor.<\/p>\n<div class=\"mc-column content-text active-extra-styles\" data-block-type=\"raw\" data-block-weight=\"6\" data-block-id=\"39\">\n<div class=\"content-intertitle\">\n<h4>Vera L\u00facia (PSTU) &#8211; R$ 8.805<\/h4>\n<\/div>\n<\/div>\n<div class=\"mc-column content-text active-extra-styles \" data-block-type=\"unstyled\" data-block-weight=\"32\" data-block-id=\"40\">\n<p class=\"content-text__container \" data-track-category=\"Link no Texto\" data-track-links=\"\">A candidata do Partido Socialista dos Trabalhadores Unificado (PSTU), a soci\u00f3loga Vera L\u00facia, informou \u00e0 Justi\u00e7a Eleitoral ter um \u00fanico bem registrado em seu nome: uma conta poupan\u00e7a com R$ 8.805 depositados.<\/p>\n<\/div>\n<div class=\"mc-column content-text active-extra-styles \" data-block-type=\"unstyled\" data-block-weight=\"14\" data-block-id=\"41\">\n<p class=\"content-text__container \" data-track-category=\"Link no Texto\" data-track-links=\"\">J\u00e1 a ativista ind\u00edgena Raquel Trememb\u00e9 (PSTU), vice na chapa, declarou n\u00e3o possuir bens.<\/p>\n<p data-track-category=\"Link no Texto\" data-track-links=\"\">\n<\/div>\n<\/div>\n<\/div>\n","protected":false},"excerpt":{"rendered":"<p>O Tribunal Superior Eleitoral (TSE) come\u00e7ou a divulgar neste domingo (7) os bens declarados pelos candidatos \u00e0 Presid\u00eancia da Rep\u00fablica que j\u00e1 registraram sua candidatura (veja mais no v\u00eddeo acima). Os valores dos patrim\u00f4nios informados at\u00e9 esta segunda-feira (8) v\u00e3o de R$ 197 a R$ 24,6 milh\u00f5es. O patrim\u00f4nio mais alto at\u00e9 agora \u00e9 o do candidato do Novo, Felipe D&#8217;Avila. O mais baixo \u00e9 o do presidenci\u00e1vel da Unidade Popular (UP), L\u00e9o P\u00e9ricles. At\u00e9 a \u00faltima atualiza\u00e7\u00e3o desta reportagem, sete candidaturas \u00e0 Presid\u00eancia da Rep\u00fablica haviam sido registradas no TSE. O prazo termina em 15 de agosto. Candidatos como [&hellip;]<\/p>\n","protected":false},"author":4,"featured_media":149285,"comment_status":"open","ping_status":"open","sticky":false,"template":"","format":"standard","meta":[],"categories":[296],"tags":[973],"_links":{"self":[{"href":"https:\/\/www.cronicasdeitarantim.com.br\/v1\/wp-json\/wp\/v2\/posts\/149720"}],"collection":[{"href":"https:\/\/www.cronicasdeitarantim.com.br\/v1\/wp-json\/wp\/v2\/posts"}],"about":[{"href":"https:\/\/www.cronicasdeitarantim.com.br\/v1\/wp-json\/wp\/v2\/types\/post"}],"author":[{"embeddable":true,"href":"https:\/\/www.cronicasdeitarantim.com.br\/v1\/wp-json\/wp\/v2\/users\/4"}],"replies":[{"embeddable":true,"href":"https:\/\/www.cronicasdeitarantim.com.br\/v1\/wp-json\/wp\/v2\/comments?post=149720"}],"version-history":[{"count":1,"href":"https:\/\/www.cronicasdeitarantim.com.br\/v1\/wp-json\/wp\/v2\/posts\/149720\/revisions"}],"predecessor-version":[{"id":149721,"href":"https:\/\/www.cronicasdeitarantim.com.br\/v1\/wp-json\/wp\/v2\/posts\/149720\/revisions\/149721"}],"wp:featuredmedia":[{"embeddable":true,"href":"https:\/\/www.cronicasdeitarantim.com.br\/v1\/wp-json\/wp\/v2\/media\/149285"}],"wp:attachment":[{"href":"https:\/\/www.cronicasdeitarantim.com.br\/v1\/wp-json\/wp\/v2\/media?parent=149720"}],"wp:term":[{"taxonomy":"category","embeddable":true,"href":"https:\/\/www.cronicasdeitarantim.com.br\/v1\/wp-json\/wp\/v2\/categories?post=149720"},{"taxonomy":"post_tag","embeddable":true,"href":"https:\/\/www.cronicasdeitarantim.com.br\/v1\/wp-json\/wp\/v2\/tags?post=149720"}],"curies":[{"name":"wp","href":"https:\/\/api.w.org\/{rel}","templated":true}]}}