{"id":149648,"date":"2022-08-06T11:22:11","date_gmt":"2022-08-06T14:22:11","guid":{"rendered":"https:\/\/www.cronicasdeitarantim.com.br\/v1\/?p=149648"},"modified":"2022-08-06T11:22:11","modified_gmt":"2022-08-06T14:22:11","slug":"violencia-em-macarani-duplo-homicidio-foi-registrado-nesta-sexta-feira","status":"publish","type":"post","link":"https:\/\/www.cronicasdeitarantim.com.br\/v1\/2022\/08\/06\/violencia-em-macarani-duplo-homicidio-foi-registrado-nesta-sexta-feira\/","title":{"rendered":"Viol\u00eancia em Macarani, duplo homic\u00eddio foi registrado nesta sexta-feira"},"content":{"rendered":"<p>Duas pessoas foram assassinadas na noite desta sexta-feira (5) na cidade de Macarani. O duplo homic\u00eddio aconteceu em um bar em um dos Bairros da cidade, que, de acordo informou o blog do Edy, dois homens num ve\u00edculo efetuaram os disparos que mataram os homens que foram identificado pelos nomes de Marcelinho e Ray.<\/p>\n<p>A motiva\u00e7\u00e3o do crime \u00e9 ainda desconhecida, a pol\u00edcia trabalha na linha de envolvimento com drogas.<\/p>\n<p>&nbsp;<\/p>\n","protected":false},"excerpt":{"rendered":"<p>Duas pessoas foram assassinadas na noite desta sexta-feira (5) na cidade de Macarani. O duplo homic\u00eddio aconteceu em um bar em um dos Bairros da cidade, que, de acordo informou o blog do Edy, dois homens num ve\u00edculo efetuaram os disparos que mataram os homens que foram identificado pelos nomes de Marcelinho e Ray. A motiva\u00e7\u00e3o do crime \u00e9 ainda desconhecida, a pol\u00edcia trabalha na linha de envolvimento com drogas. &nbsp;<\/p>\n","protected":false},"author":4,"featured_media":0,"comment_status":"open","ping_status":"open","sticky":false,"template":"","format":"standard","meta":[],"categories":[306],"tags":[476,427,444],"_links":{"self":[{"href":"https:\/\/www.cronicasdeitarantim.com.br\/v1\/wp-json\/wp\/v2\/posts\/149648"}],"collection":[{"href":"https:\/\/www.cronicasdeitarantim.com.br\/v1\/wp-json\/wp\/v2\/posts"}],"about":[{"href":"https:\/\/www.cronicasdeitarantim.com.br\/v1\/wp-json\/wp\/v2\/types\/post"}],"author":[{"embeddable":true,"href":"https:\/\/www.cronicasdeitarantim.com.br\/v1\/wp-json\/wp\/v2\/users\/4"}],"replies":[{"embeddable":true,"href":"https:\/\/www.cronicasdeitarantim.com.br\/v1\/wp-json\/wp\/v2\/comments?post=149648"}],"version-history":[{"count":1,"href":"https:\/\/www.cronicasdeitarantim.com.br\/v1\/wp-json\/wp\/v2\/posts\/149648\/revisions"}],"predecessor-version":[{"id":149650,"href":"https:\/\/www.cronicasdeitarantim.com.br\/v1\/wp-json\/wp\/v2\/posts\/149648\/revisions\/149650"}],"wp:attachment":[{"href":"https:\/\/www.cronicasdeitarantim.com.br\/v1\/wp-json\/wp\/v2\/media?parent=149648"}],"wp:term":[{"taxonomy":"category","embeddable":true,"href":"https:\/\/www.cronicasdeitarantim.com.br\/v1\/wp-json\/wp\/v2\/categories?post=149648"},{"taxonomy":"post_tag","embeddable":true,"href":"https:\/\/www.cronicasdeitarantim.com.br\/v1\/wp-json\/wp\/v2\/tags?post=149648"}],"curies":[{"name":"wp","href":"https:\/\/api.w.org\/{rel}","templated":true}]}}