{"id":149473,"date":"2022-07-30T20:39:05","date_gmt":"2022-07-30T23:39:05","guid":{"rendered":"https:\/\/www.cronicasdeitarantim.com.br\/v1\/?p=149473"},"modified":"2022-07-30T20:39:05","modified_gmt":"2022-07-30T23:39:05","slug":"cena-lamentavel-disse-rui-costa-em-convencao-citando-episodio-da-visita-de-acm-em-itarantim","status":"publish","type":"post","link":"https:\/\/www.cronicasdeitarantim.com.br\/v1\/2022\/07\/30\/cena-lamentavel-disse-rui-costa-em-convencao-citando-episodio-da-visita-de-acm-em-itarantim\/","title":{"rendered":"&#8216;Cena lament\u00e1vel&#8217;, disse Rui Costa em conven\u00e7\u00e3o citando epis\u00f3dio da visita de ACM em Itarantim"},"content":{"rendered":"<p>O governador da Bahia, Rui Costa (PT), no seu discurso neste s\u00e1bado (30) na conven\u00e7\u00e3o para homologar a candidatura de Jer\u00f4nimo Rodrigues (PT) para governador, Geraldo Junior (MDB) para vice e Otto Alencar (PSD) para o Senado, fez cr\u00edticas ao pr\u00e9-candidato ACM Neto (Uni\u00e3o Brasil).<\/p>\n<p>O governador sem citar a cidade falou do ocorrido em Itarantim na visita que ACM fez \u00e0 cidade no \u00faltimo dia 22 sexta-feira onde o pr\u00e9-candidato pega das m\u00e3os de Eduardo Almeida, presidente do Partido Progressista (PP) de Itarantim, o microfone que por muitas vezes estava falhando, para fazer a troca por outro (confira o v\u00eddeo abaixo e mat\u00e9ria aqui:<a href=\"https:\/\/www.cronicasdeitarantim.com.br\/v1\/2022\/07\/24\/du-almeida-e-zeza-mostram-forcas-na-recepcao-ao-pre-candidato-ao-governo-do-estado-acm-neto\/)\">\u00a0discurso de Du Almeida)<\/a>.\u00a0Rui cita este epis\u00f3dio como uma a\u00e7\u00e3o truculenta de ACM, o v\u00eddeo viralizou nas redes sociais.<\/p>\n<blockquote>\n<h5>Eu vi uma cena lament\u00e1vel dele (ACM Neto) tomando o microfone de um apoiador. Ali era como se ele tivesse dizendo \u2018eu sou o pr\u00edncipe, sou o porret\u00e3o, n\u00e3o posso ser comparado a ningu\u00e9m\u2019. Ele n\u00e3o queria que comparasse ele com outro candidato a deputado. A Bahia n\u00e3o quer retroceder\u201d, disse o governador.<\/h5>\n<\/blockquote>\n<p>A conven\u00e7\u00e3o contou com a presen\u00e7a de muitas caravanas do interior do estado e v\u00e1rios prefeitos que estiveram presentes, declararam apoio ao candidato Jer\u00f4nimo do PT.\u00a0Inclusive de Itarantim saiu um \u00f4nibus na noite desta sexta-feira (29) de apoiadores do prefeito F\u00e1bio Gusm\u00e3o para o evento.<\/p>\n<p>Rui Costa ainda disse que a aquela &#8220;panelinha&#8221; que tinha na Bahia acabou e que ACM tenta pegar carona em obras do governo do estado realizada na capital Salvador.<\/p>\n<p><iframe loading=\"lazy\" width=\"1200\" height=\"675\" src=\"https:\/\/www.youtube.com\/embed\/PtgFDSKzQR4?start=224&#038;feature=oembed\" frameborder=\"0\" allow=\"accelerometer; autoplay; clipboard-write; encrypted-media; gyroscope; picture-in-picture\" allowfullscreen title=\"Em visita de ACM Neto em Itarantim, Du Almeida mostra for\u00e7a\"><\/iframe><\/p>\n<p>&nbsp;<\/p>\n","protected":false},"excerpt":{"rendered":"<p>O governador da Bahia, Rui Costa (PT), no seu discurso neste s\u00e1bado (30) na conven\u00e7\u00e3o para homologar a candidatura de Jer\u00f4nimo Rodrigues (PT) para governador, Geraldo Junior (MDB) para vice e Otto Alencar (PSD) para o Senado, fez cr\u00edticas ao pr\u00e9-candidato ACM Neto (Uni\u00e3o Brasil). O governador sem citar a cidade falou do ocorrido em Itarantim na visita que ACM fez \u00e0 cidade no \u00faltimo dia 22 sexta-feira onde o pr\u00e9-candidato pega das m\u00e3os de Eduardo Almeida, presidente do Partido Progressista (PP) de Itarantim, o microfone que por muitas vezes estava falhando, para fazer a troca por outro (confira o [&hellip;]<\/p>\n","protected":false},"author":4,"featured_media":149474,"comment_status":"open","ping_status":"open","sticky":false,"template":"","format":"standard","meta":[],"categories":[304],"tags":[76,973],"_links":{"self":[{"href":"https:\/\/www.cronicasdeitarantim.com.br\/v1\/wp-json\/wp\/v2\/posts\/149473"}],"collection":[{"href":"https:\/\/www.cronicasdeitarantim.com.br\/v1\/wp-json\/wp\/v2\/posts"}],"about":[{"href":"https:\/\/www.cronicasdeitarantim.com.br\/v1\/wp-json\/wp\/v2\/types\/post"}],"author":[{"embeddable":true,"href":"https:\/\/www.cronicasdeitarantim.com.br\/v1\/wp-json\/wp\/v2\/users\/4"}],"replies":[{"embeddable":true,"href":"https:\/\/www.cronicasdeitarantim.com.br\/v1\/wp-json\/wp\/v2\/comments?post=149473"}],"version-history":[{"count":1,"href":"https:\/\/www.cronicasdeitarantim.com.br\/v1\/wp-json\/wp\/v2\/posts\/149473\/revisions"}],"predecessor-version":[{"id":149475,"href":"https:\/\/www.cronicasdeitarantim.com.br\/v1\/wp-json\/wp\/v2\/posts\/149473\/revisions\/149475"}],"wp:featuredmedia":[{"embeddable":true,"href":"https:\/\/www.cronicasdeitarantim.com.br\/v1\/wp-json\/wp\/v2\/media\/149474"}],"wp:attachment":[{"href":"https:\/\/www.cronicasdeitarantim.com.br\/v1\/wp-json\/wp\/v2\/media?parent=149473"}],"wp:term":[{"taxonomy":"category","embeddable":true,"href":"https:\/\/www.cronicasdeitarantim.com.br\/v1\/wp-json\/wp\/v2\/categories?post=149473"},{"taxonomy":"post_tag","embeddable":true,"href":"https:\/\/www.cronicasdeitarantim.com.br\/v1\/wp-json\/wp\/v2\/tags?post=149473"}],"curies":[{"name":"wp","href":"https:\/\/api.w.org\/{rel}","templated":true}]}}