{"id":149442,"date":"2022-07-29T15:54:48","date_gmt":"2022-07-29T18:54:48","guid":{"rendered":"http:\/\/www.cronicasdeitarantim.com.br\/v1\/?p=149442"},"modified":"2022-07-29T15:54:48","modified_gmt":"2022-07-29T18:54:48","slug":"a-bahia-gera-quase-77-mil-vagas-de-emprego-este-ano-com-novos-posto-de-trabalhos","status":"publish","type":"post","link":"https:\/\/www.cronicasdeitarantim.com.br\/v1\/2022\/07\/29\/a-bahia-gera-quase-77-mil-vagas-de-emprego-este-ano-com-novos-posto-de-trabalhos\/","title":{"rendered":"A Bahia gera quase 77 mil vagas de emprego este ano com novos posto de trabalhos"},"content":{"rendered":"<p>A Bahia gerou 13.079 postos com carteira assinada, decorrente da diferen\u00e7a entre 69.349 admiss\u00f5es e 56.270 desligamentos, em junho. A informa\u00e7\u00e3o \u00e9 do Cadastro Geral de Empregados e Desempregados (Caged), divulgada pela Superintend\u00eancia de Estudos Econ\u00f4micos e Sociais da Bahia (SEI). De acordo com a SEI, trata-se, portanto, do sexto m\u00eas seguido com saldo positivo. Com este resultado, o estado passou a contar com 1.874.177 v\u00ednculos celetistas ativos, uma varia\u00e7\u00e3o de 0,70% sobre o quantitativo do m\u00eas anterior. De responsabilidade do Minist\u00e9rio do Trabalho e Previd\u00eancia, os dados do emprego formal foram sistematizados pela SEI, autarquia vinculada \u00e0 Secretaria do Planejamento do Estado da Bahia (Seplan).<\/p>\n","protected":false},"excerpt":{"rendered":"<p>A Bahia gerou 13.079 postos com carteira assinada, decorrente da diferen\u00e7a entre 69.349 admiss\u00f5es e 56.270 desligamentos, em junho. A informa\u00e7\u00e3o \u00e9 do Cadastro Geral de Empregados e Desempregados (Caged), divulgada pela Superintend\u00eancia de Estudos Econ\u00f4micos e Sociais da Bahia (SEI). De acordo com a SEI, trata-se, portanto, do sexto m\u00eas seguido com saldo positivo. Com este resultado, o estado passou a contar com 1.874.177 v\u00ednculos celetistas ativos, uma varia\u00e7\u00e3o de 0,70% sobre o quantitativo do m\u00eas anterior. De responsabilidade do Minist\u00e9rio do Trabalho e Previd\u00eancia, os dados do emprego formal foram sistematizados pela SEI, autarquia vinculada \u00e0 Secretaria do [&hellip;]<\/p>\n","protected":false},"author":4,"featured_media":149443,"comment_status":"open","ping_status":"open","sticky":false,"template":"","format":"standard","meta":[],"categories":[295],"tags":[127,654],"_links":{"self":[{"href":"https:\/\/www.cronicasdeitarantim.com.br\/v1\/wp-json\/wp\/v2\/posts\/149442"}],"collection":[{"href":"https:\/\/www.cronicasdeitarantim.com.br\/v1\/wp-json\/wp\/v2\/posts"}],"about":[{"href":"https:\/\/www.cronicasdeitarantim.com.br\/v1\/wp-json\/wp\/v2\/types\/post"}],"author":[{"embeddable":true,"href":"https:\/\/www.cronicasdeitarantim.com.br\/v1\/wp-json\/wp\/v2\/users\/4"}],"replies":[{"embeddable":true,"href":"https:\/\/www.cronicasdeitarantim.com.br\/v1\/wp-json\/wp\/v2\/comments?post=149442"}],"version-history":[{"count":1,"href":"https:\/\/www.cronicasdeitarantim.com.br\/v1\/wp-json\/wp\/v2\/posts\/149442\/revisions"}],"predecessor-version":[{"id":149444,"href":"https:\/\/www.cronicasdeitarantim.com.br\/v1\/wp-json\/wp\/v2\/posts\/149442\/revisions\/149444"}],"wp:featuredmedia":[{"embeddable":true,"href":"https:\/\/www.cronicasdeitarantim.com.br\/v1\/wp-json\/wp\/v2\/media\/149443"}],"wp:attachment":[{"href":"https:\/\/www.cronicasdeitarantim.com.br\/v1\/wp-json\/wp\/v2\/media?parent=149442"}],"wp:term":[{"taxonomy":"category","embeddable":true,"href":"https:\/\/www.cronicasdeitarantim.com.br\/v1\/wp-json\/wp\/v2\/categories?post=149442"},{"taxonomy":"post_tag","embeddable":true,"href":"https:\/\/www.cronicasdeitarantim.com.br\/v1\/wp-json\/wp\/v2\/tags?post=149442"}],"curies":[{"name":"wp","href":"https:\/\/api.w.org\/{rel}","templated":true}]}}