{"id":149406,"date":"2022-07-28T10:53:56","date_gmt":"2022-07-28T13:53:56","guid":{"rendered":"http:\/\/www.cronicasdeitarantim.com.br\/v1\/?p=149406"},"modified":"2022-07-28T10:53:56","modified_gmt":"2022-07-28T13:53:56","slug":"medico-foi-encontrado-morto-durante-plantao-em-hospital-de-cidade-da-bahia","status":"publish","type":"post","link":"https:\/\/www.cronicasdeitarantim.com.br\/v1\/2022\/07\/28\/medico-foi-encontrado-morto-durante-plantao-em-hospital-de-cidade-da-bahia\/","title":{"rendered":"M\u00e9dico foi encontrado morto durante plant\u00e3o em hospital de cidade da Bahia"},"content":{"rendered":"<p>Um m\u00e9dico foi encontrado morto em uma sala de descanso durante seu plant\u00e3o na cidade de Ca\u00e9m no norte da Bahia na noite desta quarta-feira (27). O m\u00e9dico que foi identificado pelo nome de Jos\u00e9 Mauro Badar\u00f3 de 37 anos estava ca\u00eddo na sala no hospital da cidade quando funcion\u00e1rios sentiram a falta do profissional. Os funcion\u00e1rios foram at\u00e9 a sala do m\u00e9dico e for\u00e7aram a porta constatando o m\u00e9dico ca\u00eddo sem sinais vitais. Ainda de acordo informa\u00e7\u00f5es do Jacobina Not\u00edcias, havia uma quantidade de rem\u00e9dios e uma seringa na mesa ao lado que, provavelmente teria sido introduzida em seu bra\u00e7o.<\/p>\n<div id=\"taboola-mid-article\" class=\" trc_related_container trc_spotlight_widget trc_elastic trc_elastic_alternating-thumbnails-a-mid-article \" data-placement-name=\"Mid Article\">\n<div class=\"trc_rbox_container\">\n<div>\n<div id=\"trc_wrapper_3124\" class=\"trc_rbox alternating-thumbnails-a-mid-article trc-content-hybrid \">\n<div id=\"trc_header_3124\" class=\"trc_rbox_header trc_rbox_border_elm\">\n<div class=\"trc_header_ext\">\n<div>A causa da morte ser\u00e1 investigada.\u00a0O corpo do m\u00e9dico Jos\u00e9 Mauro, que era natural de Guanambi e residia em Umburanas, foi encaminhado ao Instituto M\u00e9dico Legal de Jacobina.<\/div>\n<div><\/div>\n<\/div>\n<\/div>\n<\/div>\n<\/div>\n<\/div>\n<\/div>\n","protected":false},"excerpt":{"rendered":"<p>Um m\u00e9dico foi encontrado morto em uma sala de descanso durante seu plant\u00e3o na cidade de Ca\u00e9m no norte da Bahia na noite desta quarta-feira (27). O m\u00e9dico que foi identificado pelo nome de Jos\u00e9 Mauro Badar\u00f3 de 37 anos estava ca\u00eddo na sala no hospital da cidade quando funcion\u00e1rios sentiram a falta do profissional. Os funcion\u00e1rios foram at\u00e9 a sala do m\u00e9dico e for\u00e7aram a porta constatando o m\u00e9dico ca\u00eddo sem sinais vitais. Ainda de acordo informa\u00e7\u00f5es do Jacobina Not\u00edcias, havia uma quantidade de rem\u00e9dios e uma seringa na mesa ao lado que, provavelmente teria sido introduzida em seu [&hellip;]<\/p>\n","protected":false},"author":4,"featured_media":0,"comment_status":"open","ping_status":"open","sticky":false,"template":"","format":"standard","meta":[],"categories":[295],"tags":[],"_links":{"self":[{"href":"https:\/\/www.cronicasdeitarantim.com.br\/v1\/wp-json\/wp\/v2\/posts\/149406"}],"collection":[{"href":"https:\/\/www.cronicasdeitarantim.com.br\/v1\/wp-json\/wp\/v2\/posts"}],"about":[{"href":"https:\/\/www.cronicasdeitarantim.com.br\/v1\/wp-json\/wp\/v2\/types\/post"}],"author":[{"embeddable":true,"href":"https:\/\/www.cronicasdeitarantim.com.br\/v1\/wp-json\/wp\/v2\/users\/4"}],"replies":[{"embeddable":true,"href":"https:\/\/www.cronicasdeitarantim.com.br\/v1\/wp-json\/wp\/v2\/comments?post=149406"}],"version-history":[{"count":1,"href":"https:\/\/www.cronicasdeitarantim.com.br\/v1\/wp-json\/wp\/v2\/posts\/149406\/revisions"}],"predecessor-version":[{"id":149408,"href":"https:\/\/www.cronicasdeitarantim.com.br\/v1\/wp-json\/wp\/v2\/posts\/149406\/revisions\/149408"}],"wp:attachment":[{"href":"https:\/\/www.cronicasdeitarantim.com.br\/v1\/wp-json\/wp\/v2\/media?parent=149406"}],"wp:term":[{"taxonomy":"category","embeddable":true,"href":"https:\/\/www.cronicasdeitarantim.com.br\/v1\/wp-json\/wp\/v2\/categories?post=149406"},{"taxonomy":"post_tag","embeddable":true,"href":"https:\/\/www.cronicasdeitarantim.com.br\/v1\/wp-json\/wp\/v2\/tags?post=149406"}],"curies":[{"name":"wp","href":"https:\/\/api.w.org\/{rel}","templated":true}]}}