{"id":149100,"date":"2022-07-11T14:35:04","date_gmt":"2022-07-11T17:35:04","guid":{"rendered":"http:\/\/www.cronicasdeitarantim.com.br\/v1\/?p=149100"},"modified":"2022-07-11T14:35:04","modified_gmt":"2022-07-11T17:35:04","slug":"big-data-55-dos-eleitores-aprovam-a-gestao-de-rui-costa-pt","status":"publish","type":"post","link":"https:\/\/www.cronicasdeitarantim.com.br\/v1\/2022\/07\/11\/big-data-55-dos-eleitores-aprovam-a-gestao-de-rui-costa-pt\/","title":{"rendered":"Big Data: 55% dos eleitores aprovam a gest\u00e3o de Rui Costa (PT)"},"content":{"rendered":"<div class=\"conteudo_post\">\n<p>A nova rodada da pesquisa Real Time Big Data, encomendada pela Record TV, publicada nesta segunda-feira (11), trouxe o levantamento sobre a avalia\u00e7\u00e3o do Governo da Bahia, al\u00e9m das inten\u00e7\u00f5es de voto para\u00a0<a href=\"https:\/\/bahia.ba\/eleicoes2022\/real-time-big-data-acm-neto-lidera-em-todos-os-cenarios\/\" target=\"_blank\" rel=\"noopener\">governador\u00a0<\/a>e\u00a0<a href=\"https:\/\/bahia.ba\/eleicoes2022\/otto-lidera-nova-pesquisa-big-data-com-29-das-intencoes-de-voto-para-o-senado\/\" target=\"_blank\" rel=\"noopener\">senador\u00a0<\/a>no estado.<\/p>\n<p>Na pesquisa, 55% dos eleitores aprovam a gest\u00e3o de Rui Costa (PT). Outros 35% desaprovaram e 10% disseram que n\u00e3o sabem ou n\u00e3o responderam.<\/p>\n<p>A pesquisa Real Time ouviu 1.500 pessoas nos dias 06 e 07 de julho. Com 95% de confian\u00e7a. A margem de erro de 3 pontos para mais ou para menos. Registro no TRE: BA-02884\/2022.<\/p>\n<\/div>\n<div id=\"div-share\"><\/div>\n","protected":false},"excerpt":{"rendered":"<p>A nova rodada da pesquisa Real Time Big Data, encomendada pela Record TV, publicada nesta segunda-feira (11), trouxe o levantamento sobre a avalia\u00e7\u00e3o do Governo da Bahia, al\u00e9m das inten\u00e7\u00f5es de voto para\u00a0governador\u00a0e\u00a0senador\u00a0no estado. Na pesquisa, 55% dos eleitores aprovam a gest\u00e3o de Rui Costa (PT). Outros 35% desaprovaram e 10% disseram que n\u00e3o sabem ou n\u00e3o responderam. A pesquisa Real Time ouviu 1.500 pessoas nos dias 06 e 07 de julho. Com 95% de confian\u00e7a. A margem de erro de 3 pontos para mais ou para menos. Registro no TRE: BA-02884\/2022.<\/p>\n","protected":false},"author":4,"featured_media":0,"comment_status":"open","ping_status":"open","sticky":false,"template":"","format":"standard","meta":[],"categories":[295],"tags":[],"_links":{"self":[{"href":"https:\/\/www.cronicasdeitarantim.com.br\/v1\/wp-json\/wp\/v2\/posts\/149100"}],"collection":[{"href":"https:\/\/www.cronicasdeitarantim.com.br\/v1\/wp-json\/wp\/v2\/posts"}],"about":[{"href":"https:\/\/www.cronicasdeitarantim.com.br\/v1\/wp-json\/wp\/v2\/types\/post"}],"author":[{"embeddable":true,"href":"https:\/\/www.cronicasdeitarantim.com.br\/v1\/wp-json\/wp\/v2\/users\/4"}],"replies":[{"embeddable":true,"href":"https:\/\/www.cronicasdeitarantim.com.br\/v1\/wp-json\/wp\/v2\/comments?post=149100"}],"version-history":[{"count":1,"href":"https:\/\/www.cronicasdeitarantim.com.br\/v1\/wp-json\/wp\/v2\/posts\/149100\/revisions"}],"predecessor-version":[{"id":149101,"href":"https:\/\/www.cronicasdeitarantim.com.br\/v1\/wp-json\/wp\/v2\/posts\/149100\/revisions\/149101"}],"wp:attachment":[{"href":"https:\/\/www.cronicasdeitarantim.com.br\/v1\/wp-json\/wp\/v2\/media?parent=149100"}],"wp:term":[{"taxonomy":"category","embeddable":true,"href":"https:\/\/www.cronicasdeitarantim.com.br\/v1\/wp-json\/wp\/v2\/categories?post=149100"},{"taxonomy":"post_tag","embeddable":true,"href":"https:\/\/www.cronicasdeitarantim.com.br\/v1\/wp-json\/wp\/v2\/tags?post=149100"}],"curies":[{"name":"wp","href":"https:\/\/api.w.org\/{rel}","templated":true}]}}