{"id":148806,"date":"2022-06-25T17:09:52","date_gmt":"2022-06-25T20:09:52","guid":{"rendered":"http:\/\/www.cronicasdeitarantim.com.br\/v1\/?p=148806"},"modified":"2022-06-25T17:09:52","modified_gmt":"2022-06-25T20:09:52","slug":"show-do-cantor-wesley-safadao-em-ibicui-para-este-domingo-foi-cancelado-veja-o-motivo","status":"publish","type":"post","link":"https:\/\/www.cronicasdeitarantim.com.br\/v1\/2022\/06\/25\/show-do-cantor-wesley-safadao-em-ibicui-para-este-domingo-foi-cancelado-veja-o-motivo\/","title":{"rendered":"Show do cantor Wesley Safad\u00e3o em Ibicu\u00ed para este domingo foi cancelado, veja o motivo"},"content":{"rendered":"<p>O show do cantor Wesley Safad\u00e3o que estava marcado para este domingo (26) na cidade de Ibicu\u00ed, foi cancelado. De acordo informa\u00e7\u00f5es da assessoria, o cantor teve uma les\u00e3o na coluna e passa por recupera\u00e7\u00e3o e os m\u00e9dicos do cantor pediu repouso para estes dias. Al\u00e9m da cidade de Ibicu\u00ed, o cantor iria se apresentar em outras cidades da Bahia, Santo Antonio de Jesus, Cruz das Almas e Concei\u00e7\u00e3o do Jacu\u00edpe.<\/p>\n","protected":false},"excerpt":{"rendered":"<p>O show do cantor Wesley Safad\u00e3o que estava marcado para este domingo (26) na cidade de Ibicu\u00ed, foi cancelado. De acordo informa\u00e7\u00f5es da assessoria, o cantor teve uma les\u00e3o na coluna e passa por recupera\u00e7\u00e3o e os m\u00e9dicos do cantor pediu repouso para estes dias. Al\u00e9m da cidade de Ibicu\u00ed, o cantor iria se apresentar em outras cidades da Bahia, Santo Antonio de Jesus, Cruz das Almas e Concei\u00e7\u00e3o do Jacu\u00edpe.<\/p>\n","protected":false},"author":4,"featured_media":0,"comment_status":"open","ping_status":"open","sticky":false,"template":"","format":"standard","meta":[],"categories":[1],"tags":[],"_links":{"self":[{"href":"https:\/\/www.cronicasdeitarantim.com.br\/v1\/wp-json\/wp\/v2\/posts\/148806"}],"collection":[{"href":"https:\/\/www.cronicasdeitarantim.com.br\/v1\/wp-json\/wp\/v2\/posts"}],"about":[{"href":"https:\/\/www.cronicasdeitarantim.com.br\/v1\/wp-json\/wp\/v2\/types\/post"}],"author":[{"embeddable":true,"href":"https:\/\/www.cronicasdeitarantim.com.br\/v1\/wp-json\/wp\/v2\/users\/4"}],"replies":[{"embeddable":true,"href":"https:\/\/www.cronicasdeitarantim.com.br\/v1\/wp-json\/wp\/v2\/comments?post=148806"}],"version-history":[{"count":1,"href":"https:\/\/www.cronicasdeitarantim.com.br\/v1\/wp-json\/wp\/v2\/posts\/148806\/revisions"}],"predecessor-version":[{"id":148808,"href":"https:\/\/www.cronicasdeitarantim.com.br\/v1\/wp-json\/wp\/v2\/posts\/148806\/revisions\/148808"}],"wp:attachment":[{"href":"https:\/\/www.cronicasdeitarantim.com.br\/v1\/wp-json\/wp\/v2\/media?parent=148806"}],"wp:term":[{"taxonomy":"category","embeddable":true,"href":"https:\/\/www.cronicasdeitarantim.com.br\/v1\/wp-json\/wp\/v2\/categories?post=148806"},{"taxonomy":"post_tag","embeddable":true,"href":"https:\/\/www.cronicasdeitarantim.com.br\/v1\/wp-json\/wp\/v2\/tags?post=148806"}],"curies":[{"name":"wp","href":"https:\/\/api.w.org\/{rel}","templated":true}]}}