{"id":148776,"date":"2022-06-23T21:25:02","date_gmt":"2022-06-24T00:25:02","guid":{"rendered":"http:\/\/www.cronicasdeitarantim.com.br\/v1\/?p=148776"},"modified":"2022-06-23T21:25:02","modified_gmt":"2022-06-24T00:25:02","slug":"itarantim-tradicao-ainda-permanece-e-em-muitas-ruas-fogueiras-foram-acesas","status":"publish","type":"post","link":"https:\/\/www.cronicasdeitarantim.com.br\/v1\/2022\/06\/23\/itarantim-tradicao-ainda-permanece-e-em-muitas-ruas-fogueiras-foram-acesas\/","title":{"rendered":"ITARANTIM] Tradi\u00e7\u00e3o ainda permanece e em muitas ruas fogueiras foram acesas"},"content":{"rendered":"<p>A tradi\u00e7\u00e3o de acender a fogueira \u00e9 antiga, remete aos tempos de Jesus Cristo e h\u00e1 uma passagem em um dos Evangelhos entre Maria m\u00e3e de Jesus e Isabel m\u00e3e de Jo\u00e3o Batista que faz men\u00e7\u00e3o \u00e0 fogueira e que se transformou\u00a0 em contos populares devocional sobre a origem da fogueira. Isabel foi at\u00e9 a casa de Maria e disse que estava gr\u00e1vida e avisaria maria por meio de uma fogueira assim que o menino nascesse, e assim se deu.<\/p>\n<p>De acordo os estudiosos exegetas das escrituras sagradas Jo\u00e3o Batista nasceu no dia 24 de junho, \u00e9 considerado o Santo festeiro e com isso a fogueira se tornou uma tradi\u00e7\u00e3o entre pessoas em todo mundo. Mas, com muito mais for\u00e7a\u00a0 e tradi\u00e7\u00e3o no Brasil e especialmente na regi\u00e3o nordeste.<\/p>\n<p>Em Itarantim muitos Bairros moradores acenderam fogueiras, pudemos registrar no Bairro Cajazeiras, Nova Esperan\u00e7a, Anedilha de Carvalho, Saracura e no centro da cidade.<\/p>\n","protected":false},"excerpt":{"rendered":"<p>A tradi\u00e7\u00e3o de acender a fogueira \u00e9 antiga, remete aos tempos de Jesus Cristo e h\u00e1 uma passagem em um dos Evangelhos entre Maria m\u00e3e de Jesus e Isabel m\u00e3e de Jo\u00e3o Batista que faz men\u00e7\u00e3o \u00e0 fogueira e que se transformou\u00a0 em contos populares devocional sobre a origem da fogueira. Isabel foi at\u00e9 a casa de Maria e disse que estava gr\u00e1vida e avisaria maria por meio de uma fogueira assim que o menino nascesse, e assim se deu. De acordo os estudiosos exegetas das escrituras sagradas Jo\u00e3o Batista nasceu no dia 24 de junho, \u00e9 considerado o Santo [&hellip;]<\/p>\n","protected":false},"author":4,"featured_media":0,"comment_status":"open","ping_status":"open","sticky":false,"template":"","format":"standard","meta":[],"categories":[538],"tags":[1084,385,1087,1365],"_links":{"self":[{"href":"https:\/\/www.cronicasdeitarantim.com.br\/v1\/wp-json\/wp\/v2\/posts\/148776"}],"collection":[{"href":"https:\/\/www.cronicasdeitarantim.com.br\/v1\/wp-json\/wp\/v2\/posts"}],"about":[{"href":"https:\/\/www.cronicasdeitarantim.com.br\/v1\/wp-json\/wp\/v2\/types\/post"}],"author":[{"embeddable":true,"href":"https:\/\/www.cronicasdeitarantim.com.br\/v1\/wp-json\/wp\/v2\/users\/4"}],"replies":[{"embeddable":true,"href":"https:\/\/www.cronicasdeitarantim.com.br\/v1\/wp-json\/wp\/v2\/comments?post=148776"}],"version-history":[{"count":1,"href":"https:\/\/www.cronicasdeitarantim.com.br\/v1\/wp-json\/wp\/v2\/posts\/148776\/revisions"}],"predecessor-version":[{"id":148778,"href":"https:\/\/www.cronicasdeitarantim.com.br\/v1\/wp-json\/wp\/v2\/posts\/148776\/revisions\/148778"}],"wp:attachment":[{"href":"https:\/\/www.cronicasdeitarantim.com.br\/v1\/wp-json\/wp\/v2\/media?parent=148776"}],"wp:term":[{"taxonomy":"category","embeddable":true,"href":"https:\/\/www.cronicasdeitarantim.com.br\/v1\/wp-json\/wp\/v2\/categories?post=148776"},{"taxonomy":"post_tag","embeddable":true,"href":"https:\/\/www.cronicasdeitarantim.com.br\/v1\/wp-json\/wp\/v2\/tags?post=148776"}],"curies":[{"name":"wp","href":"https:\/\/api.w.org\/{rel}","templated":true}]}}