{"id":148547,"date":"2022-06-13T02:24:46","date_gmt":"2022-06-13T05:24:46","guid":{"rendered":"http:\/\/www.cronicasdeitarantim.com.br\/v1\/?p=148547"},"modified":"2022-06-13T02:24:46","modified_gmt":"2022-06-13T05:24:46","slug":"tragedia-em-itarantim-morador-de-itapetinga-morre-ao-receber-descarga-eletrica-na-zona-rural","status":"publish","type":"post","link":"https:\/\/www.cronicasdeitarantim.com.br\/v1\/2022\/06\/13\/tragedia-em-itarantim-morador-de-itapetinga-morre-ao-receber-descarga-eletrica-na-zona-rural\/","title":{"rendered":"Trag\u00e9dia em Itarantim, morador de Itapetinga morre ao receber descarga el\u00e9trica na zona rural"},"content":{"rendered":"<p>Um domingo (12) muito triste na regi\u00e3o. Um homem que foi identificado pelo nome de Marcelo da cidade Itapetinga morreu ao tentar conter as chamas provocadas por um fio de energia na zona rural de Itarantim. Marcelo recebeu uma descarga e teve seu corpo totalmente queimado, como mostrou um v\u00eddeo que muitas pessoas divulgaram nos grupos de Whatsapp. Pessoas informaram que o morador da cidade de Itapetinga ainda chegou a ser atendido e levado para o Hospital Regional de Itarantim, mas ele acabou n\u00e3o resistindo aos ferimentos e vindo a \u00f3bito. Nas imagens do v\u00eddeo, vemos o fogo queimando todo pasto ao redor que foi provocado pela descarga el\u00e9trica.<\/p>\n<p>N\u00e3o h\u00e1 informa\u00e7\u00f5es sobre o vel\u00f3rio do homem que era morador do Bairro Vila Riach\u00e3o. Amigos e familiares lamentam a morte de Marcelo.<\/p>\n","protected":false},"excerpt":{"rendered":"<p>Um domingo (12) muito triste na regi\u00e3o. Um homem que foi identificado pelo nome de Marcelo da cidade Itapetinga morreu ao tentar conter as chamas provocadas por um fio de energia na zona rural de Itarantim. Marcelo recebeu uma descarga e teve seu corpo totalmente queimado, como mostrou um v\u00eddeo que muitas pessoas divulgaram nos grupos de Whatsapp. Pessoas informaram que o morador da cidade de Itapetinga ainda chegou a ser atendido e levado para o Hospital Regional de Itarantim, mas ele acabou n\u00e3o resistindo aos ferimentos e vindo a \u00f3bito. Nas imagens do v\u00eddeo, vemos o fogo queimando todo [&hellip;]<\/p>\n","protected":false},"author":4,"featured_media":148548,"comment_status":"open","ping_status":"open","sticky":false,"template":"","format":"standard","meta":[],"categories":[306],"tags":[425,385,540],"_links":{"self":[{"href":"https:\/\/www.cronicasdeitarantim.com.br\/v1\/wp-json\/wp\/v2\/posts\/148547"}],"collection":[{"href":"https:\/\/www.cronicasdeitarantim.com.br\/v1\/wp-json\/wp\/v2\/posts"}],"about":[{"href":"https:\/\/www.cronicasdeitarantim.com.br\/v1\/wp-json\/wp\/v2\/types\/post"}],"author":[{"embeddable":true,"href":"https:\/\/www.cronicasdeitarantim.com.br\/v1\/wp-json\/wp\/v2\/users\/4"}],"replies":[{"embeddable":true,"href":"https:\/\/www.cronicasdeitarantim.com.br\/v1\/wp-json\/wp\/v2\/comments?post=148547"}],"version-history":[{"count":1,"href":"https:\/\/www.cronicasdeitarantim.com.br\/v1\/wp-json\/wp\/v2\/posts\/148547\/revisions"}],"predecessor-version":[{"id":148549,"href":"https:\/\/www.cronicasdeitarantim.com.br\/v1\/wp-json\/wp\/v2\/posts\/148547\/revisions\/148549"}],"wp:featuredmedia":[{"embeddable":true,"href":"https:\/\/www.cronicasdeitarantim.com.br\/v1\/wp-json\/wp\/v2\/media\/148548"}],"wp:attachment":[{"href":"https:\/\/www.cronicasdeitarantim.com.br\/v1\/wp-json\/wp\/v2\/media?parent=148547"}],"wp:term":[{"taxonomy":"category","embeddable":true,"href":"https:\/\/www.cronicasdeitarantim.com.br\/v1\/wp-json\/wp\/v2\/categories?post=148547"},{"taxonomy":"post_tag","embeddable":true,"href":"https:\/\/www.cronicasdeitarantim.com.br\/v1\/wp-json\/wp\/v2\/tags?post=148547"}],"curies":[{"name":"wp","href":"https:\/\/api.w.org\/{rel}","templated":true}]}}