{"id":148413,"date":"2022-06-05T15:15:02","date_gmt":"2022-06-05T18:15:02","guid":{"rendered":"http:\/\/www.cronicasdeitarantim.com.br\/v1\/?p=148413"},"modified":"2022-06-05T15:15:47","modified_gmt":"2022-06-05T18:15:47","slug":"em-eunapolis-idoso-morre-ao-ver-filha-baleada-em-assalto","status":"publish","type":"post","link":"https:\/\/www.cronicasdeitarantim.com.br\/v1\/2022\/06\/05\/em-eunapolis-idoso-morre-ao-ver-filha-baleada-em-assalto\/","title":{"rendered":"Em Eun\u00e1polis idoso morre ao ver filha baleada em assalto"},"content":{"rendered":"<p>Um idoso de 92 anos passou mal e morreu ao ver a filha ser baleada na barriga durante um assalto \u00e0 fazenda da fam\u00edlia. A propriedade rural fica \u00e0s margens da BR-101, no munic\u00edpio de Eun\u00e1polis, no sul da Bahia.<\/p>\n<p>Eronildes Ribeiro de Almeida estava em casa com a filha, Edna Ribeiro de Almeida, de 65 anos, quando dois homens encapuzados chegaram ao local e anunciaram o assalto. Segundo a Pol\u00edcia Militar, os funcion\u00e1rios da fazenda foram amarrados pelos suspeitos.<\/p>\n<p>Edna tentou fechar a porta de casa quando percebeu a movimenta\u00e7\u00e3o do lado de fora, mas acabou sendo baleada no abd\u00f4men. Mesmo ferida, a mulher conseguiu ligar para a pol\u00edcia e para o Servi\u00e7o de Atendimento M\u00f3vel de Urg\u00eancia (Samu).<\/p>\n<p>Ao ver a filha baleada, Eronildes passou mal e n\u00e3o resistiu. A suspeita \u00e9 de que o idoso tenha sofrido um ataque card\u00edaco. O corpo dele j\u00e1 foi periciado pelo Departamento de Pol\u00edcia T\u00e9cnica, mas ainda n\u00e3o foram divulgados detalhes sobre o laudo.<\/p>\n<p>A filha passou por uma cirurgia e continua internada em estado grave no Hospital Regional de Eun\u00e1polis. Os suspeitos do crime ainda n\u00e3o foram identificados, mas testemunhas do crime j\u00e1 foram ouvidas. A PM informou que uma quantidade de dinheiro foi levada pelos homens.<\/p>\n","protected":false},"excerpt":{"rendered":"<p>Um idoso de 92 anos passou mal e morreu ao ver a filha ser baleada na barriga durante um assalto \u00e0 fazenda da fam\u00edlia. A propriedade rural fica \u00e0s margens da BR-101, no munic\u00edpio de Eun\u00e1polis, no sul da Bahia. Eronildes Ribeiro de Almeida estava em casa com a filha, Edna Ribeiro de Almeida, de 65 anos, quando dois homens encapuzados chegaram ao local e anunciaram o assalto. Segundo a Pol\u00edcia Militar, os funcion\u00e1rios da fazenda foram amarrados pelos suspeitos. Edna tentou fechar a porta de casa quando percebeu a movimenta\u00e7\u00e3o do lado de fora, mas acabou sendo baleada no [&hellip;]<\/p>\n","protected":false},"author":4,"featured_media":142036,"comment_status":"open","ping_status":"open","sticky":false,"template":"","format":"standard","meta":[],"categories":[306],"tags":[1028,444],"_links":{"self":[{"href":"https:\/\/www.cronicasdeitarantim.com.br\/v1\/wp-json\/wp\/v2\/posts\/148413"}],"collection":[{"href":"https:\/\/www.cronicasdeitarantim.com.br\/v1\/wp-json\/wp\/v2\/posts"}],"about":[{"href":"https:\/\/www.cronicasdeitarantim.com.br\/v1\/wp-json\/wp\/v2\/types\/post"}],"author":[{"embeddable":true,"href":"https:\/\/www.cronicasdeitarantim.com.br\/v1\/wp-json\/wp\/v2\/users\/4"}],"replies":[{"embeddable":true,"href":"https:\/\/www.cronicasdeitarantim.com.br\/v1\/wp-json\/wp\/v2\/comments?post=148413"}],"version-history":[{"count":1,"href":"https:\/\/www.cronicasdeitarantim.com.br\/v1\/wp-json\/wp\/v2\/posts\/148413\/revisions"}],"predecessor-version":[{"id":148414,"href":"https:\/\/www.cronicasdeitarantim.com.br\/v1\/wp-json\/wp\/v2\/posts\/148413\/revisions\/148414"}],"wp:featuredmedia":[{"embeddable":true,"href":"https:\/\/www.cronicasdeitarantim.com.br\/v1\/wp-json\/wp\/v2\/media\/142036"}],"wp:attachment":[{"href":"https:\/\/www.cronicasdeitarantim.com.br\/v1\/wp-json\/wp\/v2\/media?parent=148413"}],"wp:term":[{"taxonomy":"category","embeddable":true,"href":"https:\/\/www.cronicasdeitarantim.com.br\/v1\/wp-json\/wp\/v2\/categories?post=148413"},{"taxonomy":"post_tag","embeddable":true,"href":"https:\/\/www.cronicasdeitarantim.com.br\/v1\/wp-json\/wp\/v2\/tags?post=148413"}],"curies":[{"name":"wp","href":"https:\/\/api.w.org\/{rel}","templated":true}]}}