{"id":147762,"date":"2022-05-06T12:37:50","date_gmt":"2022-05-06T15:37:50","guid":{"rendered":"http:\/\/www.cronicasdeitarantim.com.br\/v1\/?p=147762"},"modified":"2022-05-06T12:37:50","modified_gmt":"2022-05-06T15:37:50","slug":"em-itapetinga-simbolo-do-nazismo-e-ameaca-de-bomba-em-colegio-deixa-alunos-em-desespero","status":"publish","type":"post","link":"https:\/\/www.cronicasdeitarantim.com.br\/v1\/2022\/05\/06\/em-itapetinga-simbolo-do-nazismo-e-ameaca-de-bomba-em-colegio-deixa-alunos-em-desespero\/","title":{"rendered":"Em Itapetinga s\u00edmbolo do nazismo e amea\u00e7a de bomba em col\u00e9gio deixa alunos em desespero"},"content":{"rendered":"<p style=\"text-align: left;\">A informa\u00e7\u00e3o veio Atrav\u00e9s da r\u00e1dio Fascina\u00e7\u00e3o no programa 12 em Ponto. De acordo a informa\u00e7\u00e3o, s\u00edmbolos do nazismo foram desenhado em cadeiras do col\u00e9gio e uma poss\u00edvel amea\u00e7a de bomba. O fato aconteceu no Col\u00e9gio Modelo Lu\u00edz Eduardo Magalh\u00e3es. A pol\u00edcia esteve no local averiguando as informa\u00e7\u00f5es da amea\u00e7a de bomba e a publica\u00e7\u00e3o do s\u00edmbolo no col\u00e9gio.<\/p>\n","protected":false},"excerpt":{"rendered":"<p>A informa\u00e7\u00e3o veio Atrav\u00e9s da r\u00e1dio Fascina\u00e7\u00e3o no programa 12 em Ponto. De acordo a informa\u00e7\u00e3o, s\u00edmbolos do nazismo foram desenhado em cadeiras do col\u00e9gio e uma poss\u00edvel amea\u00e7a de bomba. O fato aconteceu no Col\u00e9gio Modelo Lu\u00edz Eduardo Magalh\u00e3es. A pol\u00edcia esteve no local averiguando as informa\u00e7\u00f5es da amea\u00e7a de bomba e a publica\u00e7\u00e3o do s\u00edmbolo no col\u00e9gio.<\/p>\n","protected":false},"author":4,"featured_media":0,"comment_status":"open","ping_status":"open","sticky":false,"template":"","format":"standard","meta":[],"categories":[312,306],"tags":[],"_links":{"self":[{"href":"https:\/\/www.cronicasdeitarantim.com.br\/v1\/wp-json\/wp\/v2\/posts\/147762"}],"collection":[{"href":"https:\/\/www.cronicasdeitarantim.com.br\/v1\/wp-json\/wp\/v2\/posts"}],"about":[{"href":"https:\/\/www.cronicasdeitarantim.com.br\/v1\/wp-json\/wp\/v2\/types\/post"}],"author":[{"embeddable":true,"href":"https:\/\/www.cronicasdeitarantim.com.br\/v1\/wp-json\/wp\/v2\/users\/4"}],"replies":[{"embeddable":true,"href":"https:\/\/www.cronicasdeitarantim.com.br\/v1\/wp-json\/wp\/v2\/comments?post=147762"}],"version-history":[{"count":1,"href":"https:\/\/www.cronicasdeitarantim.com.br\/v1\/wp-json\/wp\/v2\/posts\/147762\/revisions"}],"predecessor-version":[{"id":147764,"href":"https:\/\/www.cronicasdeitarantim.com.br\/v1\/wp-json\/wp\/v2\/posts\/147762\/revisions\/147764"}],"wp:attachment":[{"href":"https:\/\/www.cronicasdeitarantim.com.br\/v1\/wp-json\/wp\/v2\/media?parent=147762"}],"wp:term":[{"taxonomy":"category","embeddable":true,"href":"https:\/\/www.cronicasdeitarantim.com.br\/v1\/wp-json\/wp\/v2\/categories?post=147762"},{"taxonomy":"post_tag","embeddable":true,"href":"https:\/\/www.cronicasdeitarantim.com.br\/v1\/wp-json\/wp\/v2\/tags?post=147762"}],"curies":[{"name":"wp","href":"https:\/\/api.w.org\/{rel}","templated":true}]}}