{"id":147642,"date":"2022-04-29T13:59:10","date_gmt":"2022-04-29T16:59:10","guid":{"rendered":"http:\/\/www.cronicasdeitarantim.com.br\/v1\/?p=147642"},"modified":"2022-04-29T13:59:10","modified_gmt":"2022-04-29T16:59:10","slug":"homem-da-cidade-de-itapetinga-esfaqueia-companheira-em-porto-seguro","status":"publish","type":"post","link":"https:\/\/www.cronicasdeitarantim.com.br\/v1\/2022\/04\/29\/homem-da-cidade-de-itapetinga-esfaqueia-companheira-em-porto-seguro\/","title":{"rendered":"Homem da cidade de Itapetinga esfaqueia companheira em Porto Seguro"},"content":{"rendered":"<p>Um jovem da cidade Itapetinga matou a companheira a facadas na cidade de Porto Seguro no extremo sul baiano nesta sexta-feira (29).<\/p>\n<p>De acordo informa\u00e7\u00f5es, o homem que foi identificado como Lucas Costa Freitas de 26 anos entrou em luta corporal com sua companheira, B\u00e1rbara Cristina Santos de 46 anos.<\/p>\n<p>A briga come\u00e7ou na madrugada de sexta-feira (29) na resid\u00eancia do casal, como informou sites da cidade. B\u00e1rbara era cabeleireira e os dois tinham um filho de cinco meses.<\/p>\n<p>O \u00f3bito foi constado no local. Ferido, Lucas foi atendido no hospital da cidade com perfura\u00e7\u00e3o no abd\u00f4men.<\/p>\n<p>Antes de ser socorrido pelo SAMU e levado para o centro cir\u00fargico do hospital Lu\u00eds Eduardo Magalh\u00e3es, o homem afirmou para a pol\u00edcia que ele e a esposa entraram em luta corporal devido a uma discuss\u00e3o por ci\u00fames.<\/p>\n<p>Lucas \u00e9 natural de Itapetinga e trabalhava em Porto Seguro na rede hoteleira da cidade.<\/p>\n<p>*Foto rede social<\/p>\n","protected":false},"excerpt":{"rendered":"<p>Um jovem da cidade Itapetinga matou a companheira a facadas na cidade de Porto Seguro no extremo sul baiano nesta sexta-feira (29). De acordo informa\u00e7\u00f5es, o homem que foi identificado como Lucas Costa Freitas de 26 anos entrou em luta corporal com sua companheira, B\u00e1rbara Cristina Santos de 46 anos. A briga come\u00e7ou na madrugada de sexta-feira (29) na resid\u00eancia do casal, como informou sites da cidade. B\u00e1rbara era cabeleireira e os dois tinham um filho de cinco meses. O \u00f3bito foi constado no local. Ferido, Lucas foi atendido no hospital da cidade com perfura\u00e7\u00e3o no abd\u00f4men. Antes de ser [&hellip;]<\/p>\n","protected":false},"author":4,"featured_media":0,"comment_status":"open","ping_status":"open","sticky":false,"template":"","format":"standard","meta":[],"categories":[306],"tags":[],"_links":{"self":[{"href":"https:\/\/www.cronicasdeitarantim.com.br\/v1\/wp-json\/wp\/v2\/posts\/147642"}],"collection":[{"href":"https:\/\/www.cronicasdeitarantim.com.br\/v1\/wp-json\/wp\/v2\/posts"}],"about":[{"href":"https:\/\/www.cronicasdeitarantim.com.br\/v1\/wp-json\/wp\/v2\/types\/post"}],"author":[{"embeddable":true,"href":"https:\/\/www.cronicasdeitarantim.com.br\/v1\/wp-json\/wp\/v2\/users\/4"}],"replies":[{"embeddable":true,"href":"https:\/\/www.cronicasdeitarantim.com.br\/v1\/wp-json\/wp\/v2\/comments?post=147642"}],"version-history":[{"count":2,"href":"https:\/\/www.cronicasdeitarantim.com.br\/v1\/wp-json\/wp\/v2\/posts\/147642\/revisions"}],"predecessor-version":[{"id":147645,"href":"https:\/\/www.cronicasdeitarantim.com.br\/v1\/wp-json\/wp\/v2\/posts\/147642\/revisions\/147645"}],"wp:attachment":[{"href":"https:\/\/www.cronicasdeitarantim.com.br\/v1\/wp-json\/wp\/v2\/media?parent=147642"}],"wp:term":[{"taxonomy":"category","embeddable":true,"href":"https:\/\/www.cronicasdeitarantim.com.br\/v1\/wp-json\/wp\/v2\/categories?post=147642"},{"taxonomy":"post_tag","embeddable":true,"href":"https:\/\/www.cronicasdeitarantim.com.br\/v1\/wp-json\/wp\/v2\/tags?post=147642"}],"curies":[{"name":"wp","href":"https:\/\/api.w.org\/{rel}","templated":true}]}}