{"id":147613,"date":"2022-04-28T11:59:46","date_gmt":"2022-04-28T14:59:46","guid":{"rendered":"http:\/\/www.cronicasdeitarantim.com.br\/v1\/?p=147613"},"modified":"2022-04-28T11:59:46","modified_gmt":"2022-04-28T14:59:46","slug":"no-dia-que-se-comemora-caatinga-especialistas-cobram-aprovacao-de-pec","status":"publish","type":"post","link":"https:\/\/www.cronicasdeitarantim.com.br\/v1\/2022\/04\/28\/no-dia-que-se-comemora-caatinga-especialistas-cobram-aprovacao-de-pec\/","title":{"rendered":"No dia que se comemora Caatinga, especialistas cobram aprova\u00e7\u00e3o de PEC"},"content":{"rendered":"<p>No dia em que se comemora o dia da Caatinga, hoje quinta-feira (28), especialistas cobraram a aprova\u00e7\u00e3o de uma Proposta de Emenda \u00e0 Constitui\u00e7\u00e3o (PEC 504\/2010)\u00a0que reconhece o bioma caatinga como patrim\u00f4nio nacional, que j\u00e1 passou pelo Senado e est\u00e1 em an\u00e1lise na C\u00e2mara dos Deputados. Os debatedores mostraram, em audi\u00eancia p\u00fablica na Comiss\u00e3o de Meio Ambiente (CMA), iniciativas de manejo e recupera\u00e7\u00e3o do semi\u00e1rido brasileiro, que \u00e9 rico em biodiversidade e potencial de energia solar.<\/p>\n<p>O dia da Caatinga foi escolhido em homenagem ao ecol\u00f3go pernambucano Vasconcelo Sobrinho.\u00a0 Ele foi um pioneiro no estudo do bioma que mostrou que o sert\u00e3o n\u00e3o \u00e9 s\u00f3 seca e mis\u00e9ria como muitos imaginavam, ele guarda um patrim\u00f4nio biol\u00f3gico \u00fanico no mundo que deve ser explorado de forma sustent\u00e1vel. Entre as esp\u00e9cies que s\u00f3 existem na caatinga est\u00e3o umbu, licuri e cambu\u00ed, que al\u00e9m de servirem como alimento t\u00eam um valioso potencial medicinal, explicou a pesquisadora M\u00e1rcia Vanusa da Silva.<\/p>\n<p>O que nos chama aten\u00e7\u00e3o \u00e9 a quantidade de saberes dessas popula\u00e7\u00f5es, sejam elas ind\u00edgenas, popula\u00e7\u00f5es tradicionais, sejam sertanejas, que sempre conhecem essas plantas para algum uso medicinal. E a gente precisa urgente catalogar esse saber e fazer com que ele passe para as pr\u00f3ximas gera\u00e7\u00f5es.<\/p>\n<p>Outro grande potencial do semi\u00e1rido \u00e9 o de gera\u00e7\u00e3o de energia solar. Francis Lacerda, do Instituto Agron\u00f4mico de Pernambuco, mostrou iniciativas inovadoras que j\u00e1 integram os paineis solares com capta\u00e7\u00e3o de \u00e1gua, plantio, cria\u00e7\u00e3o de aves e de peixes.<\/p>\n<p>\u00c9 poss\u00edvel voc\u00ea instalar essa unidade e produzir durante o ano inteiro, independentemente das condi\u00e7\u00f5es clim\u00e1ticas. Ele promove, al\u00e9m da capta\u00e7\u00e3o de \u00e1gua de chuva, a seguran\u00e7a energ\u00e9tica. Promove o reflorestamento das \u00e1reas em processo de degrada\u00e7\u00e3o ambiental.<\/p>\n<p>Um sistema agrofotovoltaico como esse custa cerca de 30 mil reais e se paga em tr\u00eas anos. O presidente da Comiss\u00e3o, Jaques Wagner, do PT da Bahia, defendeu o financiamento p\u00fablico das instala\u00e7\u00f5es.<\/p>\n<p>Eu digo sempre ao meu povo que agricultura familiar significa agricultura em dimens\u00f5es familiares, mas n\u00e3o quer dizer sem acesso ao conhecimento, porque \u00e9 a\u00ed que est\u00e1 a crueldade. N\u00e3o tem mais sentido fazer agricultura familiar com enxada e ancinho, n\u00e3o \u00e9? N\u00f3s podemos faz\u00ea-lo com o exemplo de tecnologia moderna, mas \u00e9 preciso decis\u00e3o pol\u00edtica para essas coisas.<\/p>\n<p>*A fonte da informa\u00e7\u00e3o \u00e9 da R\u00e1dio Senado. Edi\u00e7\u00e3o de texto Cr\u00f4nicas de Itarantim.<\/p>\n","protected":false},"excerpt":{"rendered":"<p>No dia em que se comemora o dia da Caatinga, hoje quinta-feira (28), especialistas cobraram a aprova\u00e7\u00e3o de uma Proposta de Emenda \u00e0 Constitui\u00e7\u00e3o (PEC 504\/2010)\u00a0que reconhece o bioma caatinga como patrim\u00f4nio nacional, que j\u00e1 passou pelo Senado e est\u00e1 em an\u00e1lise na C\u00e2mara dos Deputados. Os debatedores mostraram, em audi\u00eancia p\u00fablica na Comiss\u00e3o de Meio Ambiente (CMA), iniciativas de manejo e recupera\u00e7\u00e3o do semi\u00e1rido brasileiro, que \u00e9 rico em biodiversidade e potencial de energia solar. O dia da Caatinga foi escolhido em homenagem ao ecol\u00f3go pernambucano Vasconcelo Sobrinho.\u00a0 Ele foi um pioneiro no estudo do bioma que mostrou que [&hellip;]<\/p>\n","protected":false},"author":4,"featured_media":147614,"comment_status":"open","ping_status":"open","sticky":false,"template":"","format":"standard","meta":[],"categories":[538,362],"tags":[1626,491,1318],"_links":{"self":[{"href":"https:\/\/www.cronicasdeitarantim.com.br\/v1\/wp-json\/wp\/v2\/posts\/147613"}],"collection":[{"href":"https:\/\/www.cronicasdeitarantim.com.br\/v1\/wp-json\/wp\/v2\/posts"}],"about":[{"href":"https:\/\/www.cronicasdeitarantim.com.br\/v1\/wp-json\/wp\/v2\/types\/post"}],"author":[{"embeddable":true,"href":"https:\/\/www.cronicasdeitarantim.com.br\/v1\/wp-json\/wp\/v2\/users\/4"}],"replies":[{"embeddable":true,"href":"https:\/\/www.cronicasdeitarantim.com.br\/v1\/wp-json\/wp\/v2\/comments?post=147613"}],"version-history":[{"count":1,"href":"https:\/\/www.cronicasdeitarantim.com.br\/v1\/wp-json\/wp\/v2\/posts\/147613\/revisions"}],"predecessor-version":[{"id":147615,"href":"https:\/\/www.cronicasdeitarantim.com.br\/v1\/wp-json\/wp\/v2\/posts\/147613\/revisions\/147615"}],"wp:featuredmedia":[{"embeddable":true,"href":"https:\/\/www.cronicasdeitarantim.com.br\/v1\/wp-json\/wp\/v2\/media\/147614"}],"wp:attachment":[{"href":"https:\/\/www.cronicasdeitarantim.com.br\/v1\/wp-json\/wp\/v2\/media?parent=147613"}],"wp:term":[{"taxonomy":"category","embeddable":true,"href":"https:\/\/www.cronicasdeitarantim.com.br\/v1\/wp-json\/wp\/v2\/categories?post=147613"},{"taxonomy":"post_tag","embeddable":true,"href":"https:\/\/www.cronicasdeitarantim.com.br\/v1\/wp-json\/wp\/v2\/tags?post=147613"}],"curies":[{"name":"wp","href":"https:\/\/api.w.org\/{rel}","templated":true}]}}