{"id":147538,"date":"2022-04-25T21:19:53","date_gmt":"2022-04-26T00:19:53","guid":{"rendered":"http:\/\/www.cronicasdeitarantim.com.br\/v1\/?p=147538"},"modified":"2022-04-25T23:26:59","modified_gmt":"2022-04-26T02:26:59","slug":"urgente-homem-e-preso-em-itarantim-acusado-de-estuprar-crianca","status":"publish","type":"post","link":"https:\/\/www.cronicasdeitarantim.com.br\/v1\/2022\/04\/25\/urgente-homem-e-preso-em-itarantim-acusado-de-estuprar-crianca\/","title":{"rendered":"URGENTE] Homem \u00e9 preso em Itarantim acusado de estuprar crian\u00e7a"},"content":{"rendered":"<p>Um homem foi preso na tarde desta segunda-feira (25) em Itarantim pela Pol\u00edcia Militar, acusado de estuprar uma crian\u00e7a de aproximadamente 09 anos de idade. Informa\u00e7\u00f5es colhida pelo site, o homem n\u00e3o \u00e9 de Itarantim \u00e9 de outro estado e vivia com a av\u00f3 da crian\u00e7a que tem resid\u00eancia na Rua da B\u00edblia Bairro Tancredo Neves (Saracura). A crian\u00e7a foi levada para Itapetinga para exames de Corpo de Delito.<\/p>\n<p>Mais informa\u00e7\u00f5es a qualquer momento&#8230;<\/p>\n","protected":false},"excerpt":{"rendered":"<p>Um homem foi preso na tarde desta segunda-feira (25) em Itarantim pela Pol\u00edcia Militar, acusado de estuprar uma crian\u00e7a de aproximadamente 09 anos de idade. Informa\u00e7\u00f5es colhida pelo site, o homem n\u00e3o \u00e9 de Itarantim \u00e9 de outro estado e vivia com a av\u00f3 da crian\u00e7a que tem resid\u00eancia na Rua da B\u00edblia Bairro Tancredo Neves (Saracura). A crian\u00e7a foi levada para Itapetinga para exames de Corpo de Delito. Mais informa\u00e7\u00f5es a qualquer momento&#8230;<\/p>\n","protected":false},"author":4,"featured_media":147540,"comment_status":"open","ping_status":"open","sticky":false,"template":"","format":"standard","meta":[],"categories":[306],"tags":[449,385],"_links":{"self":[{"href":"https:\/\/www.cronicasdeitarantim.com.br\/v1\/wp-json\/wp\/v2\/posts\/147538"}],"collection":[{"href":"https:\/\/www.cronicasdeitarantim.com.br\/v1\/wp-json\/wp\/v2\/posts"}],"about":[{"href":"https:\/\/www.cronicasdeitarantim.com.br\/v1\/wp-json\/wp\/v2\/types\/post"}],"author":[{"embeddable":true,"href":"https:\/\/www.cronicasdeitarantim.com.br\/v1\/wp-json\/wp\/v2\/users\/4"}],"replies":[{"embeddable":true,"href":"https:\/\/www.cronicasdeitarantim.com.br\/v1\/wp-json\/wp\/v2\/comments?post=147538"}],"version-history":[{"count":3,"href":"https:\/\/www.cronicasdeitarantim.com.br\/v1\/wp-json\/wp\/v2\/posts\/147538\/revisions"}],"predecessor-version":[{"id":147542,"href":"https:\/\/www.cronicasdeitarantim.com.br\/v1\/wp-json\/wp\/v2\/posts\/147538\/revisions\/147542"}],"wp:featuredmedia":[{"embeddable":true,"href":"https:\/\/www.cronicasdeitarantim.com.br\/v1\/wp-json\/wp\/v2\/media\/147540"}],"wp:attachment":[{"href":"https:\/\/www.cronicasdeitarantim.com.br\/v1\/wp-json\/wp\/v2\/media?parent=147538"}],"wp:term":[{"taxonomy":"category","embeddable":true,"href":"https:\/\/www.cronicasdeitarantim.com.br\/v1\/wp-json\/wp\/v2\/categories?post=147538"},{"taxonomy":"post_tag","embeddable":true,"href":"https:\/\/www.cronicasdeitarantim.com.br\/v1\/wp-json\/wp\/v2\/tags?post=147538"}],"curies":[{"name":"wp","href":"https:\/\/api.w.org\/{rel}","templated":true}]}}