{"id":147483,"date":"2022-04-23T12:39:18","date_gmt":"2022-04-23T15:39:18","guid":{"rendered":"http:\/\/www.cronicasdeitarantim.com.br\/v1\/?p=147483"},"modified":"2022-04-23T12:39:18","modified_gmt":"2022-04-23T15:39:18","slug":"igreja-batista-filadelfia-celebra-neste-sabado-seu-10-aniversario","status":"publish","type":"post","link":"https:\/\/www.cronicasdeitarantim.com.br\/v1\/2022\/04\/23\/igreja-batista-filadelfia-celebra-neste-sabado-seu-10-aniversario\/","title":{"rendered":"Igreja Batista Filad\u00e9lfia celebra neste s\u00e1bado seu 10\u00b0 anivers\u00e1rio"},"content":{"rendered":"<p>Uma das igrejas mais promissoras da cidade, a Igreja Batista Filad\u00e9lfia, celebrar\u00e1 hoje s\u00e1bado (23) seu 10\u00b0 anivers\u00e1rio de funda\u00e7\u00e3o.<\/p>\n<p>A Igreja Filad\u00e9lfia que est\u00e1 localizada no Bairro Cajazeiras, teve seu primeiro l\u00edder o pastor Anacleto Torres que construiu junto com os Filadelfianos o templo que se encontra erguido hoje nesta localidade. Anacleto hoje se encontra numa igreja em Montes Claros onde pastoreia.<\/p>\n<p>Durante a sa\u00edda do pastor a igreja ficou vacante sobre a responsabilidade de Juarez Fernandes e outras lideran\u00e7as.<\/p>\n<p>Em contato com algumas lideran\u00e7as da institui\u00e7\u00e3o religiosa, eles me informaram que logo a igreja ter\u00e1 um novo pastor, pois um est\u00e1 sendo avaliado e nesta celebra\u00e7\u00e3o do 10\u00b0 anivers\u00e1rio, ele estar\u00e1 presente fazendo parte da festa. Momento que, segundo eles \u00e9 tamb\u00e9m de avalia\u00e7\u00e3o.<\/p>\n<p>S\u00f3 lembrando que nos \u00faltimos anos a Igreja Batista Filad\u00e9lfia, tem realizado uma s\u00e9rie de a\u00e7\u00f5es na cidade, tanto na evangeliza\u00e7\u00e3o quanto em a\u00e7\u00f5es sociais na \u00e1rea habitacional e na sa\u00fade, como foi o caso da \u00faltima realizada no m\u00eas passado, a feira de sa\u00fade que atendeu mais de mil pessoas com atendimentos de uma variedade de exames que foi liderada por Dr. Mateus juntos \u00e0s lideran\u00e7as da igreja.<\/p>\n<p>Parab\u00e9ns \u00e0 Igreja Batista Filad\u00e9lfia e seus membros!<\/p>\n","protected":false},"excerpt":{"rendered":"<p>Uma das igrejas mais promissoras da cidade, a Igreja Batista Filad\u00e9lfia, celebrar\u00e1 hoje s\u00e1bado (23) seu 10\u00b0 anivers\u00e1rio de funda\u00e7\u00e3o. A Igreja Filad\u00e9lfia que est\u00e1 localizada no Bairro Cajazeiras, teve seu primeiro l\u00edder o pastor Anacleto Torres que construiu junto com os Filadelfianos o templo que se encontra erguido hoje nesta localidade. Anacleto hoje se encontra numa igreja em Montes Claros onde pastoreia. Durante a sa\u00edda do pastor a igreja ficou vacante sobre a responsabilidade de Juarez Fernandes e outras lideran\u00e7as. Em contato com algumas lideran\u00e7as da institui\u00e7\u00e3o religiosa, eles me informaram que logo a igreja ter\u00e1 um novo pastor, [&hellip;]<\/p>\n","protected":false},"author":4,"featured_media":147484,"comment_status":"open","ping_status":"open","sticky":false,"template":"","format":"standard","meta":[],"categories":[14,310],"tags":[473,385],"_links":{"self":[{"href":"https:\/\/www.cronicasdeitarantim.com.br\/v1\/wp-json\/wp\/v2\/posts\/147483"}],"collection":[{"href":"https:\/\/www.cronicasdeitarantim.com.br\/v1\/wp-json\/wp\/v2\/posts"}],"about":[{"href":"https:\/\/www.cronicasdeitarantim.com.br\/v1\/wp-json\/wp\/v2\/types\/post"}],"author":[{"embeddable":true,"href":"https:\/\/www.cronicasdeitarantim.com.br\/v1\/wp-json\/wp\/v2\/users\/4"}],"replies":[{"embeddable":true,"href":"https:\/\/www.cronicasdeitarantim.com.br\/v1\/wp-json\/wp\/v2\/comments?post=147483"}],"version-history":[{"count":1,"href":"https:\/\/www.cronicasdeitarantim.com.br\/v1\/wp-json\/wp\/v2\/posts\/147483\/revisions"}],"predecessor-version":[{"id":147485,"href":"https:\/\/www.cronicasdeitarantim.com.br\/v1\/wp-json\/wp\/v2\/posts\/147483\/revisions\/147485"}],"wp:featuredmedia":[{"embeddable":true,"href":"https:\/\/www.cronicasdeitarantim.com.br\/v1\/wp-json\/wp\/v2\/media\/147484"}],"wp:attachment":[{"href":"https:\/\/www.cronicasdeitarantim.com.br\/v1\/wp-json\/wp\/v2\/media?parent=147483"}],"wp:term":[{"taxonomy":"category","embeddable":true,"href":"https:\/\/www.cronicasdeitarantim.com.br\/v1\/wp-json\/wp\/v2\/categories?post=147483"},{"taxonomy":"post_tag","embeddable":true,"href":"https:\/\/www.cronicasdeitarantim.com.br\/v1\/wp-json\/wp\/v2\/tags?post=147483"}],"curies":[{"name":"wp","href":"https:\/\/api.w.org\/{rel}","templated":true}]}}