{"id":147478,"date":"2022-04-22T21:32:00","date_gmt":"2022-04-23T00:32:00","guid":{"rendered":"http:\/\/www.cronicasdeitarantim.com.br\/v1\/?p=147478"},"modified":"2022-04-22T21:32:00","modified_gmt":"2022-04-23T00:32:00","slug":"ao-lado-de-bolsonaro-prefeito-de-porto-seguro-ataca-ministros-do-stf-covardes","status":"publish","type":"post","link":"https:\/\/www.cronicasdeitarantim.com.br\/v1\/2022\/04\/22\/ao-lado-de-bolsonaro-prefeito-de-porto-seguro-ataca-ministros-do-stf-covardes\/","title":{"rendered":"Ao lado de Bolsonaro, prefeito de Porto Seguro ataca ministros do STF: \u2018Covardes\u2019"},"content":{"rendered":"<p>Do Bahia.ba &#8211; Em discurso na abertura da cerim\u00f4nia em homenagem aos 522 anos de chegada dos portugueses ao Brasil, em Porto Seguro, na tarde desta sexta-feira (22), o prefeito J\u00e2nio Natal (PL) atacou os ministros do Supremo Tribunal Federal (STF), e agradeceu a Bolsonaro pelo indulto concedido ao deputado federal Daniel Silveira, na noite de quinta-feira (21). \u201cO senhor deu um presente a todos n\u00f3s, que foi o indulto do nosso Daniel Silveira. Todo povo brasileiro comemorou o seu ato contra aqueles covardes, que dizem que representam o nosso Judici\u00e1rio. \u00c9 uma vergonha que n\u00f3s temos em nosso pa\u00eds, mas com sua reelei\u00e7\u00e3o, n\u00f3s vamos dar o troco\u201d, afirmou.<\/p>\n<p>Daniel Silveira foi condenado, por 10 votos a 1, a inelegibilidade, a pris\u00e3o de 8 anos e 9 meses e multa de R$ 200 mil, por ofender os ministros do Supremo e incitar a sociedade contra a corte.<\/p>\n<p>O prefeito de Porto Seguro disse ainda que o \u201cmaior presente\u201d que os brasileiros podem dar ao Brasil \u00e9 reeleger Jair Bolsonaro (PL) presidente. \u201cO maior presente que nosso munic\u00edpio est\u00e1 recebendo hoje \u00e9 a presen\u00e7a de vossa excel\u00eancia [Bolsonaro]. O maior presente que o povo brasileiro pode dar ao seu pr\u00f3prio povo e ao nosso pa\u00eds \u00e9 reeleg\u00ea-lo presidente do nosso Brasil\u201d, disse J\u00e2nio, ao lado de Bolsonaro.<\/p>\n<p>Ap\u00f3s o discurso, a plateia ainda entoou a frase \u201cLula \u00e9 ladr\u00e3o, Bolsonaro \u00e9 capit\u00e3o\u201d. Al\u00e9m do chefe do Executivo de Porto Seguro, alguns ministros, deputados e senadores participaram da cerim\u00f4nia.<\/p>\n<div class=\"twitter-tweet twitter-tweet-rendered\"><iframe id=\"twitter-widget-0\" class=\"\" title=\"Twitter Tweet\" src=\"https:\/\/platform.twitter.com\/embed\/Tweet.html?creatorScreenName=pontoBA&amp;dnt=false&amp;embedId=twitter-widget-0&amp;features=eyJ0ZndfZXhwZXJpbWVudHNfY29va2llX2V4cGlyYXRpb24iOnsiYnVja2V0IjoxMjA5NjAwLCJ2ZXJzaW9uIjpudWxsfSwidGZ3X3NwYWNlX2NhcmQiOnsiYnVja2V0Ijoib2ZmIiwidmVyc2lvbiI6bnVsbH19&amp;frame=false&amp;hideCard=false&amp;hideThread=false&amp;id=1517564910087114754&amp;lang=pt&amp;origin=https%3A%2F%2Fbahia.ba%2Fpolitica%2Fprefeito-de-porto-seguro-diz-que-reeleicao-de-bolsonaro-e-maior-presente-ao-pais%2F&amp;sessionId=4d8c8a163c8cc3e5882a162ad633a64d10359d3f&amp;siteScreenName=pontoBA&amp;theme=light&amp;widgetsVersion=c8fe9736dd6fb%3A1649830956492&amp;width=550px\" frameborder=\"0\" scrolling=\"no\" allowfullscreen=\"allowfullscreen\" data-tweet-id=\"1517564910087114754\" data-mce-fragment=\"1\"><\/iframe><\/div>\n","protected":false},"excerpt":{"rendered":"<p>Do Bahia.ba &#8211; Em discurso na abertura da cerim\u00f4nia em homenagem aos 522 anos de chegada dos portugueses ao Brasil, em Porto Seguro, na tarde desta sexta-feira (22), o prefeito J\u00e2nio Natal (PL) atacou os ministros do Supremo Tribunal Federal (STF), e agradeceu a Bolsonaro pelo indulto concedido ao deputado federal Daniel Silveira, na noite de quinta-feira (21). \u201cO senhor deu um presente a todos n\u00f3s, que foi o indulto do nosso Daniel Silveira. Todo povo brasileiro comemorou o seu ato contra aqueles covardes, que dizem que representam o nosso Judici\u00e1rio. \u00c9 uma vergonha que n\u00f3s temos em nosso pa\u00eds, [&hellip;]<\/p>\n","protected":false},"author":4,"featured_media":0,"comment_status":"open","ping_status":"open","sticky":false,"template":"","format":"standard","meta":[],"categories":[295,304],"tags":[973],"_links":{"self":[{"href":"https:\/\/www.cronicasdeitarantim.com.br\/v1\/wp-json\/wp\/v2\/posts\/147478"}],"collection":[{"href":"https:\/\/www.cronicasdeitarantim.com.br\/v1\/wp-json\/wp\/v2\/posts"}],"about":[{"href":"https:\/\/www.cronicasdeitarantim.com.br\/v1\/wp-json\/wp\/v2\/types\/post"}],"author":[{"embeddable":true,"href":"https:\/\/www.cronicasdeitarantim.com.br\/v1\/wp-json\/wp\/v2\/users\/4"}],"replies":[{"embeddable":true,"href":"https:\/\/www.cronicasdeitarantim.com.br\/v1\/wp-json\/wp\/v2\/comments?post=147478"}],"version-history":[{"count":1,"href":"https:\/\/www.cronicasdeitarantim.com.br\/v1\/wp-json\/wp\/v2\/posts\/147478\/revisions"}],"predecessor-version":[{"id":147480,"href":"https:\/\/www.cronicasdeitarantim.com.br\/v1\/wp-json\/wp\/v2\/posts\/147478\/revisions\/147480"}],"wp:attachment":[{"href":"https:\/\/www.cronicasdeitarantim.com.br\/v1\/wp-json\/wp\/v2\/media?parent=147478"}],"wp:term":[{"taxonomy":"category","embeddable":true,"href":"https:\/\/www.cronicasdeitarantim.com.br\/v1\/wp-json\/wp\/v2\/categories?post=147478"},{"taxonomy":"post_tag","embeddable":true,"href":"https:\/\/www.cronicasdeitarantim.com.br\/v1\/wp-json\/wp\/v2\/tags?post=147478"}],"curies":[{"name":"wp","href":"https:\/\/api.w.org\/{rel}","templated":true}]}}