{"id":147457,"date":"2022-04-21T19:47:50","date_gmt":"2022-04-21T22:47:50","guid":{"rendered":"http:\/\/www.cronicasdeitarantim.com.br\/v1\/?p=147457"},"modified":"2022-04-21T19:52:46","modified_gmt":"2022-04-21T22:52:46","slug":"urgente-tentativa-de-homicidio-em-itarantim-uma-pessoa-foi-esfaqueada","status":"publish","type":"post","link":"https:\/\/www.cronicasdeitarantim.com.br\/v1\/2022\/04\/21\/urgente-tentativa-de-homicidio-em-itarantim-uma-pessoa-foi-esfaqueada\/","title":{"rendered":"URGENTE] Tentativa de homic\u00eddio em Itarantim, uma pessoa foi esfaqueada"},"content":{"rendered":"<p>Uma tentativa de homic\u00eddio aconteceu nesta\u00a0 tarde de quinta-feira (21) em Itarantim no Bairro Anedilha de Carvalho, mais especificamente na Rua do Arame, segundo informa\u00e7\u00f5es. De acordo ainda informa\u00e7\u00f5es extra-oficiais, uma pessoa desferiu golpes de faca no seu desafeto. N\u00e3o h\u00e1 informa\u00e7\u00f5es sobre a identidade dos envolvidos, nem o estado de sa\u00fade do homem que foi furado e nem o que motivou a briga. A Pol\u00edcia Militar e Guarda Municipal esteve no local apurando os fatos.<\/p>\n<p>Mais informa\u00e7\u00f5es a qualquer momento&#8230;<\/p>\n","protected":false},"excerpt":{"rendered":"<p>Uma tentativa de homic\u00eddio aconteceu nesta\u00a0 tarde de quinta-feira (21) em Itarantim no Bairro Anedilha de Carvalho, mais especificamente na Rua do Arame, segundo informa\u00e7\u00f5es. De acordo ainda informa\u00e7\u00f5es extra-oficiais, uma pessoa desferiu golpes de faca no seu desafeto. N\u00e3o h\u00e1 informa\u00e7\u00f5es sobre a identidade dos envolvidos, nem o estado de sa\u00fade do homem que foi furado e nem o que motivou a briga. A Pol\u00edcia Militar e Guarda Municipal esteve no local apurando os fatos. Mais informa\u00e7\u00f5es a qualquer momento&#8230;<\/p>\n","protected":false},"author":4,"featured_media":147458,"comment_status":"open","ping_status":"open","sticky":false,"template":"","format":"standard","meta":[],"categories":[306],"tags":[385],"_links":{"self":[{"href":"https:\/\/www.cronicasdeitarantim.com.br\/v1\/wp-json\/wp\/v2\/posts\/147457"}],"collection":[{"href":"https:\/\/www.cronicasdeitarantim.com.br\/v1\/wp-json\/wp\/v2\/posts"}],"about":[{"href":"https:\/\/www.cronicasdeitarantim.com.br\/v1\/wp-json\/wp\/v2\/types\/post"}],"author":[{"embeddable":true,"href":"https:\/\/www.cronicasdeitarantim.com.br\/v1\/wp-json\/wp\/v2\/users\/4"}],"replies":[{"embeddable":true,"href":"https:\/\/www.cronicasdeitarantim.com.br\/v1\/wp-json\/wp\/v2\/comments?post=147457"}],"version-history":[{"count":3,"href":"https:\/\/www.cronicasdeitarantim.com.br\/v1\/wp-json\/wp\/v2\/posts\/147457\/revisions"}],"predecessor-version":[{"id":147461,"href":"https:\/\/www.cronicasdeitarantim.com.br\/v1\/wp-json\/wp\/v2\/posts\/147457\/revisions\/147461"}],"wp:featuredmedia":[{"embeddable":true,"href":"https:\/\/www.cronicasdeitarantim.com.br\/v1\/wp-json\/wp\/v2\/media\/147458"}],"wp:attachment":[{"href":"https:\/\/www.cronicasdeitarantim.com.br\/v1\/wp-json\/wp\/v2\/media?parent=147457"}],"wp:term":[{"taxonomy":"category","embeddable":true,"href":"https:\/\/www.cronicasdeitarantim.com.br\/v1\/wp-json\/wp\/v2\/categories?post=147457"},{"taxonomy":"post_tag","embeddable":true,"href":"https:\/\/www.cronicasdeitarantim.com.br\/v1\/wp-json\/wp\/v2\/tags?post=147457"}],"curies":[{"name":"wp","href":"https:\/\/api.w.org\/{rel}","templated":true}]}}