{"id":147233,"date":"2022-04-13T10:22:12","date_gmt":"2022-04-13T13:22:12","guid":{"rendered":"http:\/\/www.cronicasdeitarantim.com.br\/v1\/?p=147233"},"modified":"2022-04-13T10:22:12","modified_gmt":"2022-04-13T13:22:12","slug":"em-itarantim-para-pegar-peixe-da-semana-santa-muita-gente-madrugou-na-fila","status":"publish","type":"post","link":"https:\/\/www.cronicasdeitarantim.com.br\/v1\/2022\/04\/13\/em-itarantim-para-pegar-peixe-da-semana-santa-muita-gente-madrugou-na-fila\/","title":{"rendered":"Em Itarantim para pegar peixe da Semana Santa muita gente madrugou na fila"},"content":{"rendered":"<p>A prefeitura de Itarantim entrega nesta quarta-feira (13) e quinta-feira (14) o peixe da Semana Santa para popula\u00e7\u00e3o. Para pegar o alimento muita gente madrugou na fila desde das 3 horas desta madrugada de quarta-feira e pela manh\u00e3 uma multid\u00e3o aglomerava em frente \u00e0 creche Tia Geny onde est\u00e1 sendo entregue. A prefeitura fez a entrega de fitas em resid\u00eancias para poder pegar o peixe. Muitas pessoas reclamavam de gente com mais de uma fita na fila, que, logo um representante da prefeitura afirmou numa entrevista no programa Se Liga Neg\u00e3o, que pessoas com mais de uma fita n\u00e3o poderia pegar o peixe.<\/p>\n<p>Clique no link e veja v\u00eddeos:<\/p>\n<p><a href=\"https:\/\/www.instagram.com\/tv\/CcStdZ8OR_Q\/?igshid=YmMyMTA2M2Y=\">https:\/\/www.instagram.com\/tv\/CcStdZ8OR_Q\/?igshid=YmMyMTA2M2Y=<\/a><\/p>\n<p><a href=\"https:\/\/www.instagram.com\/tv\/CcStp9iswsU\/?igshid=YmMyMTA2M2Y=\">https:\/\/www.instagram.com\/tv\/CcStp9iswsU\/?igshid=YmMyMTA2M2Y=<\/a><\/p>\n","protected":false},"excerpt":{"rendered":"<p>A prefeitura de Itarantim entrega nesta quarta-feira (13) e quinta-feira (14) o peixe da Semana Santa para popula\u00e7\u00e3o. Para pegar o alimento muita gente madrugou na fila desde das 3 horas desta madrugada de quarta-feira e pela manh\u00e3 uma multid\u00e3o aglomerava em frente \u00e0 creche Tia Geny onde est\u00e1 sendo entregue. A prefeitura fez a entrega de fitas em resid\u00eancias para poder pegar o peixe. Muitas pessoas reclamavam de gente com mais de uma fita na fila, que, logo um representante da prefeitura afirmou numa entrevista no programa Se Liga Neg\u00e3o, que pessoas com mais de uma fita n\u00e3o poderia [&hellip;]<\/p>\n","protected":false},"author":4,"featured_media":0,"comment_status":"open","ping_status":"open","sticky":false,"template":"","format":"standard","meta":[],"categories":[1448],"tags":[385,258],"_links":{"self":[{"href":"https:\/\/www.cronicasdeitarantim.com.br\/v1\/wp-json\/wp\/v2\/posts\/147233"}],"collection":[{"href":"https:\/\/www.cronicasdeitarantim.com.br\/v1\/wp-json\/wp\/v2\/posts"}],"about":[{"href":"https:\/\/www.cronicasdeitarantim.com.br\/v1\/wp-json\/wp\/v2\/types\/post"}],"author":[{"embeddable":true,"href":"https:\/\/www.cronicasdeitarantim.com.br\/v1\/wp-json\/wp\/v2\/users\/4"}],"replies":[{"embeddable":true,"href":"https:\/\/www.cronicasdeitarantim.com.br\/v1\/wp-json\/wp\/v2\/comments?post=147233"}],"version-history":[{"count":2,"href":"https:\/\/www.cronicasdeitarantim.com.br\/v1\/wp-json\/wp\/v2\/posts\/147233\/revisions"}],"predecessor-version":[{"id":147236,"href":"https:\/\/www.cronicasdeitarantim.com.br\/v1\/wp-json\/wp\/v2\/posts\/147233\/revisions\/147236"}],"wp:attachment":[{"href":"https:\/\/www.cronicasdeitarantim.com.br\/v1\/wp-json\/wp\/v2\/media?parent=147233"}],"wp:term":[{"taxonomy":"category","embeddable":true,"href":"https:\/\/www.cronicasdeitarantim.com.br\/v1\/wp-json\/wp\/v2\/categories?post=147233"},{"taxonomy":"post_tag","embeddable":true,"href":"https:\/\/www.cronicasdeitarantim.com.br\/v1\/wp-json\/wp\/v2\/tags?post=147233"}],"curies":[{"name":"wp","href":"https:\/\/api.w.org\/{rel}","templated":true}]}}