{"id":147198,"date":"2022-04-11T19:17:08","date_gmt":"2022-04-11T22:17:08","guid":{"rendered":"http:\/\/www.cronicasdeitarantim.com.br\/v1\/?p=147198"},"modified":"2022-04-11T19:17:08","modified_gmt":"2022-04-11T22:17:08","slug":"fim-do-dia-o-fim-do-uso-de-mascaras-e-sao-joao-na-bahia","status":"publish","type":"post","link":"https:\/\/www.cronicasdeitarantim.com.br\/v1\/2022\/04\/11\/fim-do-dia-o-fim-do-uso-de-mascaras-e-sao-joao-na-bahia\/","title":{"rendered":"Fim do dia: O fim do uso de m\u00e1scaras e S\u00e3o Jo\u00e3o na Bahia"},"content":{"rendered":"<p>O governador da Bahia desobrigou o uso de m\u00e1scaras na Bahia, agora tamb\u00e9m em ambiente fechado. O an\u00fancio foi feito durante visita na cidade de Ibicu\u00ed. A decis\u00e3o \u00e9 por conta do n\u00famero de casos que tem diminu\u00eddo na Bahia como informou a Secretaria de Sa\u00fade do Estado (Sesab). Al\u00e9m da desobrigac\u00e3o do uso de m\u00e1scaras o governador tamb\u00e9m afirmou a realiza\u00e7\u00e3o do S\u00e3o Jo\u00e3o em toda Bahia.<\/p>\n","protected":false},"excerpt":{"rendered":"<p>O governador da Bahia desobrigou o uso de m\u00e1scaras na Bahia, agora tamb\u00e9m em ambiente fechado. O an\u00fancio foi feito durante visita na cidade de Ibicu\u00ed. A decis\u00e3o \u00e9 por conta do n\u00famero de casos que tem diminu\u00eddo na Bahia como informou a Secretaria de Sa\u00fade do Estado (Sesab). Al\u00e9m da desobrigac\u00e3o do uso de m\u00e1scaras o governador tamb\u00e9m afirmou a realiza\u00e7\u00e3o do S\u00e3o Jo\u00e3o em toda Bahia.<\/p>\n","protected":false},"author":4,"featured_media":0,"comment_status":"open","ping_status":"open","sticky":false,"template":"","format":"standard","meta":[],"categories":[1449],"tags":[1087,1604],"_links":{"self":[{"href":"https:\/\/www.cronicasdeitarantim.com.br\/v1\/wp-json\/wp\/v2\/posts\/147198"}],"collection":[{"href":"https:\/\/www.cronicasdeitarantim.com.br\/v1\/wp-json\/wp\/v2\/posts"}],"about":[{"href":"https:\/\/www.cronicasdeitarantim.com.br\/v1\/wp-json\/wp\/v2\/types\/post"}],"author":[{"embeddable":true,"href":"https:\/\/www.cronicasdeitarantim.com.br\/v1\/wp-json\/wp\/v2\/users\/4"}],"replies":[{"embeddable":true,"href":"https:\/\/www.cronicasdeitarantim.com.br\/v1\/wp-json\/wp\/v2\/comments?post=147198"}],"version-history":[{"count":1,"href":"https:\/\/www.cronicasdeitarantim.com.br\/v1\/wp-json\/wp\/v2\/posts\/147198\/revisions"}],"predecessor-version":[{"id":147199,"href":"https:\/\/www.cronicasdeitarantim.com.br\/v1\/wp-json\/wp\/v2\/posts\/147198\/revisions\/147199"}],"wp:attachment":[{"href":"https:\/\/www.cronicasdeitarantim.com.br\/v1\/wp-json\/wp\/v2\/media?parent=147198"}],"wp:term":[{"taxonomy":"category","embeddable":true,"href":"https:\/\/www.cronicasdeitarantim.com.br\/v1\/wp-json\/wp\/v2\/categories?post=147198"},{"taxonomy":"post_tag","embeddable":true,"href":"https:\/\/www.cronicasdeitarantim.com.br\/v1\/wp-json\/wp\/v2\/tags?post=147198"}],"curies":[{"name":"wp","href":"https:\/\/api.w.org\/{rel}","templated":true}]}}