{"id":147143,"date":"2022-04-08T13:46:26","date_gmt":"2022-04-08T16:46:26","guid":{"rendered":"http:\/\/www.cronicasdeitarantim.com.br\/v1\/?p=147143"},"modified":"2022-04-08T13:47:20","modified_gmt":"2022-04-08T16:47:20","slug":"psb-confirma-alckmin-como-vice-na-chapa-de-lula-a-presidencia-da-republica","status":"publish","type":"post","link":"https:\/\/www.cronicasdeitarantim.com.br\/v1\/2022\/04\/08\/psb-confirma-alckmin-como-vice-na-chapa-de-lula-a-presidencia-da-republica\/","title":{"rendered":"PSB confirma Alckmin como vice na chapa de Lula \u00e0 Presid\u00eancia da Rep\u00fablica"},"content":{"rendered":"<p>O PSB oficializou a indica\u00e7\u00e3o do nome do ex-governador de S\u00e3o Paulo, Geraldo Alckmin como vice-presidente na chapa de Lula (PT) nas elei\u00e7\u00f5es presidenciais de 2022. O evento ocorreu na manh\u00e3 desta sexta-feira (8), em um hotel en S\u00e3o Paulo.<\/p>\n<p>&#8220;Aqui foi bem explicitado o momento grave que n\u00f3s estamos vivendo, na realidade n\u00e3o \u00e9 hora de terrorismo, \u00e9 hora de generosidade, grandeza politica, desprendimento e uni\u00e3o. Pol\u00edtica n\u00e3o \u00e9 uma \u00e1rea de solit\u00e1ria, a for\u00e7a da pol\u00edtica \u00e9 centr\u00edpeta, n\u00f3s vamos somar esfor\u00e7os a\u00ed pra reconstru\u00e7\u00e3o do nosso pa\u00eds&#8221;, disse Alckmin durante o evento.<\/p>\n<p>No evento, Lula confirmou que o PSB participar\u00e1 do processo para formular o plano de governo. \u201cImportante saber que essa chapa, se ela for formalizada, n\u00e3o \u00e9 s\u00f3 para disputar as elei\u00e7\u00f5es. Talvez ganhar as elei\u00e7\u00f5es seja mais f\u00e1cil do que a tarefa de que teremos pela frente de recuperar esse pa\u00eds&#8221;, afirmou o pr\u00e9-candidato petista.<\/p>\n<p>&#8220;N\u00e3o temos qualquer d\u00favida de que \u00e9 o companheiro Lula quem re\u00fane as melhores condi\u00e7\u00f5es para articular for\u00e7as pol\u00edticas amplas, capazes de dar \u00e0 resist\u00eancia democr\u00e1tica a envergadura que permitir\u00e1 enfrentar e vencer o bolsonarismo&#8221;, diz trecho da carta entregue pelo PSB ao PT. Metro1.<\/p>\n<p>&nbsp;<\/p>\n","protected":false},"excerpt":{"rendered":"<p>O PSB oficializou a indica\u00e7\u00e3o do nome do ex-governador de S\u00e3o Paulo, Geraldo Alckmin como vice-presidente na chapa de Lula (PT) nas elei\u00e7\u00f5es presidenciais de 2022. O evento ocorreu na manh\u00e3 desta sexta-feira (8), em um hotel en S\u00e3o Paulo. &#8220;Aqui foi bem explicitado o momento grave que n\u00f3s estamos vivendo, na realidade n\u00e3o \u00e9 hora de terrorismo, \u00e9 hora de generosidade, grandeza politica, desprendimento e uni\u00e3o. Pol\u00edtica n\u00e3o \u00e9 uma \u00e1rea de solit\u00e1ria, a for\u00e7a da pol\u00edtica \u00e9 centr\u00edpeta, n\u00f3s vamos somar esfor\u00e7os a\u00ed pra reconstru\u00e7\u00e3o do nosso pa\u00eds&#8221;, disse Alckmin durante o evento. No evento, Lula confirmou que [&hellip;]<\/p>\n","protected":false},"author":4,"featured_media":147145,"comment_status":"open","ping_status":"open","sticky":false,"template":"","format":"standard","meta":[],"categories":[304],"tags":[973],"_links":{"self":[{"href":"https:\/\/www.cronicasdeitarantim.com.br\/v1\/wp-json\/wp\/v2\/posts\/147143"}],"collection":[{"href":"https:\/\/www.cronicasdeitarantim.com.br\/v1\/wp-json\/wp\/v2\/posts"}],"about":[{"href":"https:\/\/www.cronicasdeitarantim.com.br\/v1\/wp-json\/wp\/v2\/types\/post"}],"author":[{"embeddable":true,"href":"https:\/\/www.cronicasdeitarantim.com.br\/v1\/wp-json\/wp\/v2\/users\/4"}],"replies":[{"embeddable":true,"href":"https:\/\/www.cronicasdeitarantim.com.br\/v1\/wp-json\/wp\/v2\/comments?post=147143"}],"version-history":[{"count":2,"href":"https:\/\/www.cronicasdeitarantim.com.br\/v1\/wp-json\/wp\/v2\/posts\/147143\/revisions"}],"predecessor-version":[{"id":147146,"href":"https:\/\/www.cronicasdeitarantim.com.br\/v1\/wp-json\/wp\/v2\/posts\/147143\/revisions\/147146"}],"wp:featuredmedia":[{"embeddable":true,"href":"https:\/\/www.cronicasdeitarantim.com.br\/v1\/wp-json\/wp\/v2\/media\/147145"}],"wp:attachment":[{"href":"https:\/\/www.cronicasdeitarantim.com.br\/v1\/wp-json\/wp\/v2\/media?parent=147143"}],"wp:term":[{"taxonomy":"category","embeddable":true,"href":"https:\/\/www.cronicasdeitarantim.com.br\/v1\/wp-json\/wp\/v2\/categories?post=147143"},{"taxonomy":"post_tag","embeddable":true,"href":"https:\/\/www.cronicasdeitarantim.com.br\/v1\/wp-json\/wp\/v2\/tags?post=147143"}],"curies":[{"name":"wp","href":"https:\/\/api.w.org\/{rel}","templated":true}]}}