{"id":147141,"date":"2022-04-08T11:33:12","date_gmt":"2022-04-08T14:33:12","guid":{"rendered":"http:\/\/www.cronicasdeitarantim.com.br\/v1\/?p=147141"},"modified":"2022-04-08T11:33:12","modified_gmt":"2022-04-08T14:33:12","slug":"itarantim-e-regiao-sofre-mais-um-apagao-nesta-madrugada-e-na-manha-desta-sexta-feira","status":"publish","type":"post","link":"https:\/\/www.cronicasdeitarantim.com.br\/v1\/2022\/04\/08\/itarantim-e-regiao-sofre-mais-um-apagao-nesta-madrugada-e-na-manha-desta-sexta-feira\/","title":{"rendered":"Itarantim e regi\u00e3o sofre mais um apag\u00e3o nesta madrugada e na manh\u00e3 desta sexta-feira"},"content":{"rendered":"<p>Desde de ontem quinta-feira (07) a regi\u00e3o extremo sul da Bahia sofreu um apag\u00e3o, incluindo Itarantim e cidades da regi\u00e3o. Na madrugada desta sexta-feira (08) e pela amanh\u00e3 o apag\u00e3o voltou na cidade de Itarantim deixando por algumas horas totalmente na escurid\u00e3o. De acordo informa\u00e7\u00f5es, o problema foi um defeito na subesta\u00e7\u00e3o do Funil e conforme a Companhia Hidrel\u00e9trica do S\u00e3o Francisco (Chesf), devido ao incidente, a opera\u00e7\u00e3o foi obrigada a desligar cargas nestas regi\u00f5es\u00a0 da Bahia para fazer o reparo.<\/p>\n","protected":false},"excerpt":{"rendered":"<p>Desde de ontem quinta-feira (07) a regi\u00e3o extremo sul da Bahia sofreu um apag\u00e3o, incluindo Itarantim e cidades da regi\u00e3o. Na madrugada desta sexta-feira (08) e pela amanh\u00e3 o apag\u00e3o voltou na cidade de Itarantim deixando por algumas horas totalmente na escurid\u00e3o. De acordo informa\u00e7\u00f5es, o problema foi um defeito na subesta\u00e7\u00e3o do Funil e conforme a Companhia Hidrel\u00e9trica do S\u00e3o Francisco (Chesf), devido ao incidente, a opera\u00e7\u00e3o foi obrigada a desligar cargas nestas regi\u00f5es\u00a0 da Bahia para fazer o reparo.<\/p>\n","protected":false},"author":4,"featured_media":137888,"comment_status":"open","ping_status":"open","sticky":false,"template":"","format":"standard","meta":[],"categories":[1448],"tags":[733,385],"_links":{"self":[{"href":"https:\/\/www.cronicasdeitarantim.com.br\/v1\/wp-json\/wp\/v2\/posts\/147141"}],"collection":[{"href":"https:\/\/www.cronicasdeitarantim.com.br\/v1\/wp-json\/wp\/v2\/posts"}],"about":[{"href":"https:\/\/www.cronicasdeitarantim.com.br\/v1\/wp-json\/wp\/v2\/types\/post"}],"author":[{"embeddable":true,"href":"https:\/\/www.cronicasdeitarantim.com.br\/v1\/wp-json\/wp\/v2\/users\/4"}],"replies":[{"embeddable":true,"href":"https:\/\/www.cronicasdeitarantim.com.br\/v1\/wp-json\/wp\/v2\/comments?post=147141"}],"version-history":[{"count":1,"href":"https:\/\/www.cronicasdeitarantim.com.br\/v1\/wp-json\/wp\/v2\/posts\/147141\/revisions"}],"predecessor-version":[{"id":147142,"href":"https:\/\/www.cronicasdeitarantim.com.br\/v1\/wp-json\/wp\/v2\/posts\/147141\/revisions\/147142"}],"wp:featuredmedia":[{"embeddable":true,"href":"https:\/\/www.cronicasdeitarantim.com.br\/v1\/wp-json\/wp\/v2\/media\/137888"}],"wp:attachment":[{"href":"https:\/\/www.cronicasdeitarantim.com.br\/v1\/wp-json\/wp\/v2\/media?parent=147141"}],"wp:term":[{"taxonomy":"category","embeddable":true,"href":"https:\/\/www.cronicasdeitarantim.com.br\/v1\/wp-json\/wp\/v2\/categories?post=147141"},{"taxonomy":"post_tag","embeddable":true,"href":"https:\/\/www.cronicasdeitarantim.com.br\/v1\/wp-json\/wp\/v2\/tags?post=147141"}],"curies":[{"name":"wp","href":"https:\/\/api.w.org\/{rel}","templated":true}]}}