{"id":147127,"date":"2022-04-07T15:33:29","date_gmt":"2022-04-07T18:33:29","guid":{"rendered":"http:\/\/www.cronicasdeitarantim.com.br\/v1\/?p=147127"},"modified":"2022-04-07T15:33:29","modified_gmt":"2022-04-07T18:33:29","slug":"uniao-reconhece-emergencia-por-estiagem-em-pocoes-valente-e-senhor-do-bonfim","status":"publish","type":"post","link":"https:\/\/www.cronicasdeitarantim.com.br\/v1\/2022\/04\/07\/uniao-reconhece-emergencia-por-estiagem-em-pocoes-valente-e-senhor-do-bonfim\/","title":{"rendered":"Uni\u00e3o reconhece emerg\u00eancia por estiagem em Po\u00e7\u00f5es, Valente e Senhor do Bonfim"},"content":{"rendered":"<p>Por meio do Minist\u00e9rio do Desenvolvimento Regional (MDR), o governo federal reconheceu situa\u00e7\u00e3o de emerg\u00eancia em 11 cidades do pa\u00eds, por conta da falta de chuvas. Dentre elas est\u00e3o tr\u00eas munic\u00edpios baianos, Po\u00e7\u00f5es, Senhor do Bonfim e Valente.<\/p>\n<p>As portarias que oficializam o reconhecimento do estado de emerg\u00eancia por estiagem foram publicadas no Di\u00e1rio Oficial da Uni\u00e3o desta quinta-feira (7).<\/p>\n<p>Al\u00e9m das cidades baianas, enfrentam estiagem S\u00e3o Jer\u00f4nimo e Fagundes Varela, no Rio Grande do Sul; Atalanta, Piratuba e Agrol\u00e2ndia, em Santa Catarina; e Frutuoso Gomes, no Rio Grande do Norte. J\u00e1 os munic\u00edpios de S\u00e3o Raimundo Nonato, no Piau\u00ed; e Lu\u00eds Gomes, no Rio Grande do Norte, passam por um per\u00edodo de seca, que \u00e9 uma aus\u00eancia de chuvas mais longa do que a estiagem, como informou o bahia.ba.<\/p>\n<p>Ap\u00f3s a concess\u00e3o do status de situa\u00e7\u00e3o de emerg\u00eancia pela Defesa Civil Nacional, as cidades atingidas por desastres est\u00e3o aptas a solicitar recursos do MDR para atendimento \u00e0 popula\u00e7\u00e3o afetada.<\/p>\n","protected":false},"excerpt":{"rendered":"<p>Por meio do Minist\u00e9rio do Desenvolvimento Regional (MDR), o governo federal reconheceu situa\u00e7\u00e3o de emerg\u00eancia em 11 cidades do pa\u00eds, por conta da falta de chuvas. Dentre elas est\u00e3o tr\u00eas munic\u00edpios baianos, Po\u00e7\u00f5es, Senhor do Bonfim e Valente. As portarias que oficializam o reconhecimento do estado de emerg\u00eancia por estiagem foram publicadas no Di\u00e1rio Oficial da Uni\u00e3o desta quinta-feira (7). Al\u00e9m das cidades baianas, enfrentam estiagem S\u00e3o Jer\u00f4nimo e Fagundes Varela, no Rio Grande do Sul; Atalanta, Piratuba e Agrol\u00e2ndia, em Santa Catarina; e Frutuoso Gomes, no Rio Grande do Norte. J\u00e1 os munic\u00edpios de S\u00e3o Raimundo Nonato, no Piau\u00ed; [&hellip;]<\/p>\n","protected":false},"author":4,"featured_media":145762,"comment_status":"open","ping_status":"open","sticky":false,"template":"","format":"standard","meta":[],"categories":[362],"tags":[76,1595,467],"_links":{"self":[{"href":"https:\/\/www.cronicasdeitarantim.com.br\/v1\/wp-json\/wp\/v2\/posts\/147127"}],"collection":[{"href":"https:\/\/www.cronicasdeitarantim.com.br\/v1\/wp-json\/wp\/v2\/posts"}],"about":[{"href":"https:\/\/www.cronicasdeitarantim.com.br\/v1\/wp-json\/wp\/v2\/types\/post"}],"author":[{"embeddable":true,"href":"https:\/\/www.cronicasdeitarantim.com.br\/v1\/wp-json\/wp\/v2\/users\/4"}],"replies":[{"embeddable":true,"href":"https:\/\/www.cronicasdeitarantim.com.br\/v1\/wp-json\/wp\/v2\/comments?post=147127"}],"version-history":[{"count":1,"href":"https:\/\/www.cronicasdeitarantim.com.br\/v1\/wp-json\/wp\/v2\/posts\/147127\/revisions"}],"predecessor-version":[{"id":147128,"href":"https:\/\/www.cronicasdeitarantim.com.br\/v1\/wp-json\/wp\/v2\/posts\/147127\/revisions\/147128"}],"wp:featuredmedia":[{"embeddable":true,"href":"https:\/\/www.cronicasdeitarantim.com.br\/v1\/wp-json\/wp\/v2\/media\/145762"}],"wp:attachment":[{"href":"https:\/\/www.cronicasdeitarantim.com.br\/v1\/wp-json\/wp\/v2\/media?parent=147127"}],"wp:term":[{"taxonomy":"category","embeddable":true,"href":"https:\/\/www.cronicasdeitarantim.com.br\/v1\/wp-json\/wp\/v2\/categories?post=147127"},{"taxonomy":"post_tag","embeddable":true,"href":"https:\/\/www.cronicasdeitarantim.com.br\/v1\/wp-json\/wp\/v2\/tags?post=147127"}],"curies":[{"name":"wp","href":"https:\/\/api.w.org\/{rel}","templated":true}]}}