{"id":147023,"date":"2022-04-02T20:17:15","date_gmt":"2022-04-02T23:17:15","guid":{"rendered":"http:\/\/www.cronicasdeitarantim.com.br\/v1\/?p=147023"},"modified":"2022-04-02T20:18:21","modified_gmt":"2022-04-02T23:18:21","slug":"alba-aprova-lei-que-equipara-salario-dos-professores-da-rede-estadual-ao-piso-nacional-da-categoria","status":"publish","type":"post","link":"https:\/\/www.cronicasdeitarantim.com.br\/v1\/2022\/04\/02\/alba-aprova-lei-que-equipara-salario-dos-professores-da-rede-estadual-ao-piso-nacional-da-categoria\/","title":{"rendered":"Alba aprova lei que equipara sal\u00e1rio dos professores da rede estadual ao piso nacional da categoria"},"content":{"rendered":"<p>Em sess\u00e3o extraordin\u00e1ria convocada para este s\u00e1bado, a Assembleia Legislativa da Bahia (Alba) aprovou o projeto de lei que reajusta os sal\u00e1rios dos professores da rede p\u00fablica estadual de ensino. O objetivo do PL n\u00ba 24464\/2022 \u00e9 cumprir o Piso Salarial Profissional Nacional (PSPN) estabelecido para os Profissionais do Magist\u00e9rio P\u00fablico da Educa\u00e7\u00e3o B\u00e1sica.<\/p>\n<p>O piso da categoria para 2022 ser\u00e1 de R$ 3.845,63. O piso nacional da categoria \u00e9 o valor m\u00ednimo que deve ser pago aos professores do magist\u00e9rio p\u00fablico da educa\u00e7\u00e3o b\u00e1sica, em in\u00edcio de carreira, para a jornada de no m\u00e1ximo 40 horas semanais. A Lei 11.738 de 2008, que institui o piso, estabelece que os reajustes devem ocorrer a cada ano, em janeiro.<\/p>\n<p>A proposta do PL n\u00ba 24464\/2022 traz anexo com tabela de vencimentos de professor e coordenador pedag\u00f3gico do magist\u00e9rio p\u00fablico do ensino fundamental e m\u00e9dio, dos regimes de 20 e de 40 horas semanais. Em seu texto, determina que as despesas decorrentes da aplica\u00e7\u00e3o da Lei correr\u00e3o \u00e0 conta dos recursos or\u00e7ament\u00e1rios pr\u00f3prios, ficando o Poder Executivo autorizado a promover as altera\u00e7\u00f5es que se fizerem necess\u00e1rias.<\/p>\n<p>Em mensagem encaminhada ao Parlamento baiano, o governador Rui Costa explicou que a proposi\u00e7\u00e3o visa reestruturar os vencimentos dos servidores dessas carreiras, a partir de 01 de mar\u00e7o de 2022.<\/p>\n<p>Informa ainda que o governo estadual, ao elaborar os estudos para estas altera\u00e7\u00f5es das estruturas remunerat\u00f3rias, considerou a necessidade de se manter o equil\u00edbrio fiscal e a solidez das contas p\u00fablicas.<\/p>\n<p>\u201cAssim, as altera\u00e7\u00f5es das estruturas remunerat\u00f3rias previstas nesta proposta produzir\u00e3o um acr\u00e9scimo na despesa de pessoal, para o exerc\u00edcio de 2022, no valor estimado de R$119.978.154,89 e, para os anos de 2023 e 2024, R$143.973.785,87 cada\u201d, anotou Rui Costa. Fonte: Metro1.<\/p>\n<p>*Foto Cr\u00f4nicas de Itarantim.<\/p>\n","protected":false},"excerpt":{"rendered":"<p>Em sess\u00e3o extraordin\u00e1ria convocada para este s\u00e1bado, a Assembleia Legislativa da Bahia (Alba) aprovou o projeto de lei que reajusta os sal\u00e1rios dos professores da rede p\u00fablica estadual de ensino. O objetivo do PL n\u00ba 24464\/2022 \u00e9 cumprir o Piso Salarial Profissional Nacional (PSPN) estabelecido para os Profissionais do Magist\u00e9rio P\u00fablico da Educa\u00e7\u00e3o B\u00e1sica. O piso da categoria para 2022 ser\u00e1 de R$ 3.845,63. O piso nacional da categoria \u00e9 o valor m\u00ednimo que deve ser pago aos professores do magist\u00e9rio p\u00fablico da educa\u00e7\u00e3o b\u00e1sica, em in\u00edcio de carreira, para a jornada de no m\u00e1ximo 40 horas semanais. A Lei [&hellip;]<\/p>\n","protected":false},"author":4,"featured_media":146459,"comment_status":"open","ping_status":"open","sticky":false,"template":"","format":"standard","meta":[],"categories":[295],"tags":[130],"_links":{"self":[{"href":"https:\/\/www.cronicasdeitarantim.com.br\/v1\/wp-json\/wp\/v2\/posts\/147023"}],"collection":[{"href":"https:\/\/www.cronicasdeitarantim.com.br\/v1\/wp-json\/wp\/v2\/posts"}],"about":[{"href":"https:\/\/www.cronicasdeitarantim.com.br\/v1\/wp-json\/wp\/v2\/types\/post"}],"author":[{"embeddable":true,"href":"https:\/\/www.cronicasdeitarantim.com.br\/v1\/wp-json\/wp\/v2\/users\/4"}],"replies":[{"embeddable":true,"href":"https:\/\/www.cronicasdeitarantim.com.br\/v1\/wp-json\/wp\/v2\/comments?post=147023"}],"version-history":[{"count":3,"href":"https:\/\/www.cronicasdeitarantim.com.br\/v1\/wp-json\/wp\/v2\/posts\/147023\/revisions"}],"predecessor-version":[{"id":147026,"href":"https:\/\/www.cronicasdeitarantim.com.br\/v1\/wp-json\/wp\/v2\/posts\/147023\/revisions\/147026"}],"wp:featuredmedia":[{"embeddable":true,"href":"https:\/\/www.cronicasdeitarantim.com.br\/v1\/wp-json\/wp\/v2\/media\/146459"}],"wp:attachment":[{"href":"https:\/\/www.cronicasdeitarantim.com.br\/v1\/wp-json\/wp\/v2\/media?parent=147023"}],"wp:term":[{"taxonomy":"category","embeddable":true,"href":"https:\/\/www.cronicasdeitarantim.com.br\/v1\/wp-json\/wp\/v2\/categories?post=147023"},{"taxonomy":"post_tag","embeddable":true,"href":"https:\/\/www.cronicasdeitarantim.com.br\/v1\/wp-json\/wp\/v2\/tags?post=147023"}],"curies":[{"name":"wp","href":"https:\/\/api.w.org\/{rel}","templated":true}]}}