{"id":146950,"date":"2022-03-29T23:57:35","date_gmt":"2022-03-30T02:57:35","guid":{"rendered":"http:\/\/www.cronicasdeitarantim.com.br\/v1\/?p=146950"},"modified":"2022-03-29T23:57:35","modified_gmt":"2022-03-30T02:57:35","slug":"martagao-faz-recadastramento-de-pacientes-para-casos-de-cirurgia-pediatrica","status":"publish","type":"post","link":"https:\/\/www.cronicasdeitarantim.com.br\/v1\/2022\/03\/29\/martagao-faz-recadastramento-de-pacientes-para-casos-de-cirurgia-pediatrica\/","title":{"rendered":"Martag\u00e3o faz recadastramento de pacientes para casos de cirurgia pedi\u00e1trica"},"content":{"rendered":"<p>A partir de 4 de abril, o Hospital Martag\u00e3o Gesteira far\u00e1 um recadastramento excepcional para pacientes ambulatoriais que necessitam de cirurgias eletivas pedi\u00e1tricas de baixa e m\u00e9dia complexidade e n\u00e3o puderam realizar o procedimento por causa da pandemia do novo coronav\u00edrus.<\/p>\n<p>Para realizar a marca\u00e7\u00e3o, pais ou respons\u00e1veis j\u00e1 podem entrar em contato por meio do n\u00famero (71) 3041-3800, onde ser\u00e1 disponibilizado um canal exclusivo para esse recadastramento.<\/p>\n<p>A dire\u00e7\u00e3o do Martag\u00e3o destaca que a medida visa minimizar os impactos gerados nas filas de atendimento, ap\u00f3s as restri\u00e7\u00f5es decorrentes da pandemia nos dois \u00faltimos anos. \u201cO recadastramento \u00e9 necess\u00e1rio para que o profissional m\u00e9dico possa fazer nova avalia\u00e7\u00e3o e validar a indica\u00e7\u00e3o cir\u00fargica&#8221;, ressalta o diretor m\u00e9dico do Hospital, Maur\u00edcio Meira.<\/p>\n<p>Inicialmente, o recadastramento ser\u00e1 v\u00e1lido para os casos de cirurgias pedi\u00e1tricas das seguintes especialidades: Cirurgia Geral (colecistectomia videlaparoscopica, hernioplastia epigastrica, hernioplastia incisional, hernioplastia inguinal (bilateral), hernioplastia inguinal\/crural (unilateral), hernioplastia umbilical); Cirurgia Geral\/Urologia (postectomia) e otorrinolaringologia (amigdalectomia e adenoidectomia).<\/p>\n<p>*Hospital* \u2013 Institui\u00e7\u00e3o filantr\u00f3pica que atende 100% via SUS, o Martag\u00e3o disp\u00f5e de 28 especialidades m\u00e9dicas e atende pacientes de todo o estado, com foco na alta complexidade. Por ano, mais de 80 mil crian\u00e7as baianas recebem atendimento m\u00e9dico na unidade exclusivamente pedi\u00e1trica.<\/p>\n<p>Anderson Sotero<br \/>\nAssessor de Imprensa<br \/>\nLiga \u00c1lvaro Bahia Contra a Mortalidade Infantil<br \/>\n71 991132370 \/ 30323770<\/p>\n","protected":false},"excerpt":{"rendered":"<p>A partir de 4 de abril, o Hospital Martag\u00e3o Gesteira far\u00e1 um recadastramento excepcional para pacientes ambulatoriais que necessitam de cirurgias eletivas pedi\u00e1tricas de baixa e m\u00e9dia complexidade e n\u00e3o puderam realizar o procedimento por causa da pandemia do novo coronav\u00edrus. Para realizar a marca\u00e7\u00e3o, pais ou respons\u00e1veis j\u00e1 podem entrar em contato por meio do n\u00famero (71) 3041-3800, onde ser\u00e1 disponibilizado um canal exclusivo para esse recadastramento. A dire\u00e7\u00e3o do Martag\u00e3o destaca que a medida visa minimizar os impactos gerados nas filas de atendimento, ap\u00f3s as restri\u00e7\u00f5es decorrentes da pandemia nos dois \u00faltimos anos. \u201cO recadastramento \u00e9 necess\u00e1rio para [&hellip;]<\/p>\n","protected":false},"author":4,"featured_media":0,"comment_status":"open","ping_status":"open","sticky":false,"template":"","format":"standard","meta":[],"categories":[1],"tags":[],"_links":{"self":[{"href":"https:\/\/www.cronicasdeitarantim.com.br\/v1\/wp-json\/wp\/v2\/posts\/146950"}],"collection":[{"href":"https:\/\/www.cronicasdeitarantim.com.br\/v1\/wp-json\/wp\/v2\/posts"}],"about":[{"href":"https:\/\/www.cronicasdeitarantim.com.br\/v1\/wp-json\/wp\/v2\/types\/post"}],"author":[{"embeddable":true,"href":"https:\/\/www.cronicasdeitarantim.com.br\/v1\/wp-json\/wp\/v2\/users\/4"}],"replies":[{"embeddable":true,"href":"https:\/\/www.cronicasdeitarantim.com.br\/v1\/wp-json\/wp\/v2\/comments?post=146950"}],"version-history":[{"count":1,"href":"https:\/\/www.cronicasdeitarantim.com.br\/v1\/wp-json\/wp\/v2\/posts\/146950\/revisions"}],"predecessor-version":[{"id":146952,"href":"https:\/\/www.cronicasdeitarantim.com.br\/v1\/wp-json\/wp\/v2\/posts\/146950\/revisions\/146952"}],"wp:attachment":[{"href":"https:\/\/www.cronicasdeitarantim.com.br\/v1\/wp-json\/wp\/v2\/media?parent=146950"}],"wp:term":[{"taxonomy":"category","embeddable":true,"href":"https:\/\/www.cronicasdeitarantim.com.br\/v1\/wp-json\/wp\/v2\/categories?post=146950"},{"taxonomy":"post_tag","embeddable":true,"href":"https:\/\/www.cronicasdeitarantim.com.br\/v1\/wp-json\/wp\/v2\/tags?post=146950"}],"curies":[{"name":"wp","href":"https:\/\/api.w.org\/{rel}","templated":true}]}}