{"id":146754,"date":"2022-03-22T19:30:41","date_gmt":"2022-03-22T22:30:41","guid":{"rendered":"http:\/\/www.cronicasdeitarantim.com.br\/v1\/?p=146754"},"modified":"2022-03-22T19:30:41","modified_gmt":"2022-03-22T22:30:41","slug":"fim-do-dia-dia-mundial-da-agua-veja-documentario-que-retrata-a-importancia-da-agua-na-regiao-semiarida","status":"publish","type":"post","link":"https:\/\/www.cronicasdeitarantim.com.br\/v1\/2022\/03\/22\/fim-do-dia-dia-mundial-da-agua-veja-documentario-que-retrata-a-importancia-da-agua-na-regiao-semiarida\/","title":{"rendered":"Fim do dia: Dia mundial da \u00c1gua, Veja document\u00e1rio que retrata a import\u00e2ncia da \u00e1gua na regi\u00e3o semi\u00e1rida"},"content":{"rendered":"<p>22 de mar\u00e7o \u00e9 o Dia Mundial da \u00c1gua, data criada em 1992 pela ONU para promover a conscientiza\u00e7\u00e3o sobre a import\u00e2ncia de se preservar desse recurso natural. Tr\u00eas d\u00e9cadas depois, vemos que esse debate tem se tornado ainda mais urgente com o avan\u00e7o dos empreendimentos capitalistas sobre os recursos h\u00eddricos, colocando em risco diversas \u00e1reas de preserva\u00e7\u00e3o e a sobreviv\u00eancia de comunidades tradicionais quilombolas, rurais, ind\u00edgenas e toda biodiversidade.<\/p>\n<p>Assista document\u00e1rio que retrata a import\u00e2ncia da \u00e1gua.<\/p>\n<p><iframe loading=\"lazy\" width=\"1200\" height=\"675\" src=\"https:\/\/www.youtube.com\/embed\/8NYYncc9rTQ?feature=oembed\" frameborder=\"0\" allow=\"accelerometer; autoplay; clipboard-write; encrypted-media; gyroscope; picture-in-picture\" allowfullscreen><\/iframe><\/p>\n","protected":false},"excerpt":{"rendered":"<p>22 de mar\u00e7o \u00e9 o Dia Mundial da \u00c1gua, data criada em 1992 pela ONU para promover a conscientiza\u00e7\u00e3o sobre a import\u00e2ncia de se preservar desse recurso natural. Tr\u00eas d\u00e9cadas depois, vemos que esse debate tem se tornado ainda mais urgente com o avan\u00e7o dos empreendimentos capitalistas sobre os recursos h\u00eddricos, colocando em risco diversas \u00e1reas de preserva\u00e7\u00e3o e a sobreviv\u00eancia de comunidades tradicionais quilombolas, rurais, ind\u00edgenas e toda biodiversidade. Assista document\u00e1rio que retrata a import\u00e2ncia da \u00e1gua.<\/p>\n","protected":false},"author":4,"featured_media":141901,"comment_status":"open","ping_status":"open","sticky":false,"template":"","format":"standard","meta":[],"categories":[1449],"tags":[851,400],"_links":{"self":[{"href":"https:\/\/www.cronicasdeitarantim.com.br\/v1\/wp-json\/wp\/v2\/posts\/146754"}],"collection":[{"href":"https:\/\/www.cronicasdeitarantim.com.br\/v1\/wp-json\/wp\/v2\/posts"}],"about":[{"href":"https:\/\/www.cronicasdeitarantim.com.br\/v1\/wp-json\/wp\/v2\/types\/post"}],"author":[{"embeddable":true,"href":"https:\/\/www.cronicasdeitarantim.com.br\/v1\/wp-json\/wp\/v2\/users\/4"}],"replies":[{"embeddable":true,"href":"https:\/\/www.cronicasdeitarantim.com.br\/v1\/wp-json\/wp\/v2\/comments?post=146754"}],"version-history":[{"count":1,"href":"https:\/\/www.cronicasdeitarantim.com.br\/v1\/wp-json\/wp\/v2\/posts\/146754\/revisions"}],"predecessor-version":[{"id":146755,"href":"https:\/\/www.cronicasdeitarantim.com.br\/v1\/wp-json\/wp\/v2\/posts\/146754\/revisions\/146755"}],"wp:featuredmedia":[{"embeddable":true,"href":"https:\/\/www.cronicasdeitarantim.com.br\/v1\/wp-json\/wp\/v2\/media\/141901"}],"wp:attachment":[{"href":"https:\/\/www.cronicasdeitarantim.com.br\/v1\/wp-json\/wp\/v2\/media?parent=146754"}],"wp:term":[{"taxonomy":"category","embeddable":true,"href":"https:\/\/www.cronicasdeitarantim.com.br\/v1\/wp-json\/wp\/v2\/categories?post=146754"},{"taxonomy":"post_tag","embeddable":true,"href":"https:\/\/www.cronicasdeitarantim.com.br\/v1\/wp-json\/wp\/v2\/tags?post=146754"}],"curies":[{"name":"wp","href":"https:\/\/api.w.org\/{rel}","templated":true}]}}