{"id":146608,"date":"2022-03-16T19:36:26","date_gmt":"2022-03-16T22:36:26","guid":{"rendered":"http:\/\/www.cronicasdeitarantim.com.br\/v1\/?p=146608"},"modified":"2022-03-16T19:36:26","modified_gmt":"2022-03-16T22:36:26","slug":"fim-do-dia-itarantim-realiza-paralisacao-nacional-pela-educacao-em-favor-da-categoria","status":"publish","type":"post","link":"https:\/\/www.cronicasdeitarantim.com.br\/v1\/2022\/03\/16\/fim-do-dia-itarantim-realiza-paralisacao-nacional-pela-educacao-em-favor-da-categoria\/","title":{"rendered":"Fim do dia: Itarantim realiza paralisa\u00e7\u00e3o nacional pela educa\u00e7\u00e3o em favor da categoria"},"content":{"rendered":"<h5>Trabalhadoras\/es da educa\u00e7\u00e3o realizaram o dia de paralisa\u00e7\u00e3o nesta quarta-feira (16) pela valoriza\u00e7\u00e3o da categoria e o cumprimento do piso do Magist\u00e9rio. Na Bahia a paralisa\u00e7\u00e3o foi organizada pela APLB e v\u00e1rias cidades do interior organizaram as mobiliza\u00e7\u00f5es. Em Itarantim o N\u00facleo da APLB reuniram pela manh\u00e3 no audit\u00f3rio da c\u00e2mara municipal numa assembleia que tratou do tema.<\/h5>\n<h5>Veja as principais reivindica\u00e7\u00f5es do protesto:<\/h5>\n<h5>Cumprimento do piso do magist\u00e9rio 2022 (R$ 3.845,63 e 1\/3 de jornada extraclasse) em todas as redes escolares.<\/h5>\n<h5>Regulamenta\u00e7\u00e3o do piso salarial dos profissionais da educa\u00e7\u00e3o (art. 206, VIII da Constitui\u00e7\u00e3o Federal).<\/h5>\n<h5>Valoriza\u00e7\u00e3o dos planos de carreira, contrata\u00e7\u00f5es por concurso p\u00fablico e contra a Terceiriza\u00e7\u00e3o na Educa\u00e7\u00e3o.<\/h5>\n<h5>Revoga\u00e7\u00e3o do \u201cNovo Ensino M\u00e9dio\u201d excludente e de forma\u00e7\u00e3o minimalista dos estudantes.<\/h5>\n<h5>Contra a Militariza\u00e7\u00e3o escolar, o homeschooling (educa\u00e7\u00e3o domiciliar) e a Lei da morda\u00e7a (Escola sem Partido).<\/h5>\n","protected":false},"excerpt":{"rendered":"<p>Trabalhadoras\/es da educa\u00e7\u00e3o realizaram o dia de paralisa\u00e7\u00e3o nesta quarta-feira (16) pela valoriza\u00e7\u00e3o da categoria e o cumprimento do piso do Magist\u00e9rio. Na Bahia a paralisa\u00e7\u00e3o foi organizada pela APLB e v\u00e1rias cidades do interior organizaram as mobiliza\u00e7\u00f5es. Em Itarantim o N\u00facleo da APLB reuniram pela manh\u00e3 no audit\u00f3rio da c\u00e2mara municipal numa assembleia que tratou do tema. Veja as principais reivindica\u00e7\u00f5es do protesto: Cumprimento do piso do magist\u00e9rio 2022 (R$ 3.845,63 e 1\/3 de jornada extraclasse) em todas as redes escolares. Regulamenta\u00e7\u00e3o do piso salarial dos profissionais da educa\u00e7\u00e3o (art. 206, VIII da Constitui\u00e7\u00e3o Federal). Valoriza\u00e7\u00e3o dos planos de [&hellip;]<\/p>\n","protected":false},"author":4,"featured_media":146610,"comment_status":"open","ping_status":"open","sticky":false,"template":"","format":"standard","meta":[],"categories":[291],"tags":[1145,433,385,1545],"_links":{"self":[{"href":"https:\/\/www.cronicasdeitarantim.com.br\/v1\/wp-json\/wp\/v2\/posts\/146608"}],"collection":[{"href":"https:\/\/www.cronicasdeitarantim.com.br\/v1\/wp-json\/wp\/v2\/posts"}],"about":[{"href":"https:\/\/www.cronicasdeitarantim.com.br\/v1\/wp-json\/wp\/v2\/types\/post"}],"author":[{"embeddable":true,"href":"https:\/\/www.cronicasdeitarantim.com.br\/v1\/wp-json\/wp\/v2\/users\/4"}],"replies":[{"embeddable":true,"href":"https:\/\/www.cronicasdeitarantim.com.br\/v1\/wp-json\/wp\/v2\/comments?post=146608"}],"version-history":[{"count":3,"href":"https:\/\/www.cronicasdeitarantim.com.br\/v1\/wp-json\/wp\/v2\/posts\/146608\/revisions"}],"predecessor-version":[{"id":146612,"href":"https:\/\/www.cronicasdeitarantim.com.br\/v1\/wp-json\/wp\/v2\/posts\/146608\/revisions\/146612"}],"wp:featuredmedia":[{"embeddable":true,"href":"https:\/\/www.cronicasdeitarantim.com.br\/v1\/wp-json\/wp\/v2\/media\/146610"}],"wp:attachment":[{"href":"https:\/\/www.cronicasdeitarantim.com.br\/v1\/wp-json\/wp\/v2\/media?parent=146608"}],"wp:term":[{"taxonomy":"category","embeddable":true,"href":"https:\/\/www.cronicasdeitarantim.com.br\/v1\/wp-json\/wp\/v2\/categories?post=146608"},{"taxonomy":"post_tag","embeddable":true,"href":"https:\/\/www.cronicasdeitarantim.com.br\/v1\/wp-json\/wp\/v2\/tags?post=146608"}],"curies":[{"name":"wp","href":"https:\/\/api.w.org\/{rel}","templated":true}]}}