{"id":146468,"date":"2022-03-11T08:41:06","date_gmt":"2022-03-11T11:41:06","guid":{"rendered":"http:\/\/www.cronicasdeitarantim.com.br\/v1\/?p=146468"},"modified":"2022-03-11T08:41:06","modified_gmt":"2022-03-11T11:41:06","slug":"ex-candidata-a-vereadora-e-assassinada-a-tiros-em-cidade-da-bahia","status":"publish","type":"post","link":"https:\/\/www.cronicasdeitarantim.com.br\/v1\/2022\/03\/11\/ex-candidata-a-vereadora-e-assassinada-a-tiros-em-cidade-da-bahia\/","title":{"rendered":"Ex-candidata a vereadora \u00e9 assassinada a tiros em cidade da Bahia"},"content":{"rendered":"<div class=\"styles__Body-sc-1ffquwr-7 ePhtZb\">\n<h5>Iolanda Brito dos Santos, ex-candidata a vereadora em Juazeiro, foi morta a tiros enquanto trabalhava, na tarde da \u00faltima quinta-feira (10). A v\u00edtima estava dentro de seu estabelecimento comercial, um lava-jato, quando o crime aconteceu.<\/h5>\n<h5>Iolanda tinha 49 anos e era muito conhecida na regi\u00e3o. Al\u00e9m de ter sido candidata \u00e0 c\u00e2mara de vereadores do munic\u00edpio, Iolanda era atuante na associa\u00e7\u00e3o comunit\u00e1ria local.<\/h5>\n<h5>A Pol\u00edcia Militar informou que dois homens chegaram ao estabelecimento em uma moto, vestindo trajes sociais. Eles dispararam v\u00e1rias vezes contra a empres\u00e1ria, que morreu no local.<\/h5>\n<h5>De acordo o Metro1, at\u00e9 a manh\u00e3 desta sexta-feira (11), nenhum suspeito foi identificado. A Pol\u00edcia Civil est\u00e1 investigando o caso e a PM intensificou o policiamento no bairro Itaberaba, onde ocorreu o crime.<\/h5>\n<\/div>\n","protected":false},"excerpt":{"rendered":"<p>Iolanda Brito dos Santos, ex-candidata a vereadora em Juazeiro, foi morta a tiros enquanto trabalhava, na tarde da \u00faltima quinta-feira (10). A v\u00edtima estava dentro de seu estabelecimento comercial, um lava-jato, quando o crime aconteceu. Iolanda tinha 49 anos e era muito conhecida na regi\u00e3o. Al\u00e9m de ter sido candidata \u00e0 c\u00e2mara de vereadores do munic\u00edpio, Iolanda era atuante na associa\u00e7\u00e3o comunit\u00e1ria local. A Pol\u00edcia Militar informou que dois homens chegaram ao estabelecimento em uma moto, vestindo trajes sociais. Eles dispararam v\u00e1rias vezes contra a empres\u00e1ria, que morreu no local. De acordo o Metro1, at\u00e9 a manh\u00e3 desta sexta-feira (11), [&hellip;]<\/p>\n","protected":false},"author":4,"featured_media":0,"comment_status":"open","ping_status":"open","sticky":false,"template":"","format":"standard","meta":[],"categories":[306],"tags":[],"_links":{"self":[{"href":"https:\/\/www.cronicasdeitarantim.com.br\/v1\/wp-json\/wp\/v2\/posts\/146468"}],"collection":[{"href":"https:\/\/www.cronicasdeitarantim.com.br\/v1\/wp-json\/wp\/v2\/posts"}],"about":[{"href":"https:\/\/www.cronicasdeitarantim.com.br\/v1\/wp-json\/wp\/v2\/types\/post"}],"author":[{"embeddable":true,"href":"https:\/\/www.cronicasdeitarantim.com.br\/v1\/wp-json\/wp\/v2\/users\/4"}],"replies":[{"embeddable":true,"href":"https:\/\/www.cronicasdeitarantim.com.br\/v1\/wp-json\/wp\/v2\/comments?post=146468"}],"version-history":[{"count":1,"href":"https:\/\/www.cronicasdeitarantim.com.br\/v1\/wp-json\/wp\/v2\/posts\/146468\/revisions"}],"predecessor-version":[{"id":146470,"href":"https:\/\/www.cronicasdeitarantim.com.br\/v1\/wp-json\/wp\/v2\/posts\/146468\/revisions\/146470"}],"wp:attachment":[{"href":"https:\/\/www.cronicasdeitarantim.com.br\/v1\/wp-json\/wp\/v2\/media?parent=146468"}],"wp:term":[{"taxonomy":"category","embeddable":true,"href":"https:\/\/www.cronicasdeitarantim.com.br\/v1\/wp-json\/wp\/v2\/categories?post=146468"},{"taxonomy":"post_tag","embeddable":true,"href":"https:\/\/www.cronicasdeitarantim.com.br\/v1\/wp-json\/wp\/v2\/tags?post=146468"}],"curies":[{"name":"wp","href":"https:\/\/api.w.org\/{rel}","templated":true}]}}