{"id":146330,"date":"2022-03-06T21:37:54","date_gmt":"2022-03-07T00:37:54","guid":{"rendered":"http:\/\/www.cronicasdeitarantim.com.br\/v1\/?p=146330"},"modified":"2022-03-06T21:37:54","modified_gmt":"2022-03-07T00:37:54","slug":"esporte-o-vitoria-da-conquista-vence-a-primeira-no-baiano","status":"publish","type":"post","link":"https:\/\/www.cronicasdeitarantim.com.br\/v1\/2022\/03\/06\/esporte-o-vitoria-da-conquista-vence-a-primeira-no-baiano\/","title":{"rendered":"ESPORTE] O Vit\u00f3ria da Conquista vence a primeira no baiano"},"content":{"rendered":"<h5>O time do Vit\u00f3ria da Conquista venceu a primeira no campeonato baiano 2022. O trunfo veio contra o time do Unirbe no est\u00e1dio Lomanto J\u00fanior pelo placar de 2 a 0. O Vit\u00f3ria da Conquista \u00e9 o laterna do campeonato e luta para n\u00e3o cair para s\u00e9rie B. O pr\u00f3ximo desafio do Bode agora \u00e9 contra o Barcelona de Ilh\u00e9us no Lomanto J\u00fanior.<\/h5>\n","protected":false},"excerpt":{"rendered":"<p>O time do Vit\u00f3ria da Conquista venceu a primeira no campeonato baiano 2022. O trunfo veio contra o time do Unirbe no est\u00e1dio Lomanto J\u00fanior pelo placar de 2 a 0. O Vit\u00f3ria da Conquista \u00e9 o laterna do campeonato e luta para n\u00e3o cair para s\u00e9rie B. O pr\u00f3ximo desafio do Bode agora \u00e9 contra o Barcelona de Ilh\u00e9us no Lomanto J\u00fanior.<\/p>\n","protected":false},"author":4,"featured_media":0,"comment_status":"open","ping_status":"open","sticky":false,"template":"","format":"standard","meta":[],"categories":[299],"tags":[],"_links":{"self":[{"href":"https:\/\/www.cronicasdeitarantim.com.br\/v1\/wp-json\/wp\/v2\/posts\/146330"}],"collection":[{"href":"https:\/\/www.cronicasdeitarantim.com.br\/v1\/wp-json\/wp\/v2\/posts"}],"about":[{"href":"https:\/\/www.cronicasdeitarantim.com.br\/v1\/wp-json\/wp\/v2\/types\/post"}],"author":[{"embeddable":true,"href":"https:\/\/www.cronicasdeitarantim.com.br\/v1\/wp-json\/wp\/v2\/users\/4"}],"replies":[{"embeddable":true,"href":"https:\/\/www.cronicasdeitarantim.com.br\/v1\/wp-json\/wp\/v2\/comments?post=146330"}],"version-history":[{"count":1,"href":"https:\/\/www.cronicasdeitarantim.com.br\/v1\/wp-json\/wp\/v2\/posts\/146330\/revisions"}],"predecessor-version":[{"id":146332,"href":"https:\/\/www.cronicasdeitarantim.com.br\/v1\/wp-json\/wp\/v2\/posts\/146330\/revisions\/146332"}],"wp:attachment":[{"href":"https:\/\/www.cronicasdeitarantim.com.br\/v1\/wp-json\/wp\/v2\/media?parent=146330"}],"wp:term":[{"taxonomy":"category","embeddable":true,"href":"https:\/\/www.cronicasdeitarantim.com.br\/v1\/wp-json\/wp\/v2\/categories?post=146330"},{"taxonomy":"post_tag","embeddable":true,"href":"https:\/\/www.cronicasdeitarantim.com.br\/v1\/wp-json\/wp\/v2\/tags?post=146330"}],"curies":[{"name":"wp","href":"https:\/\/api.w.org\/{rel}","templated":true}]}}