{"id":146082,"date":"2022-02-23T17:53:33","date_gmt":"2022-02-23T20:53:33","guid":{"rendered":"http:\/\/www.cronicasdeitarantim.com.br\/v1\/?p=146082"},"modified":"2022-02-23T17:53:33","modified_gmt":"2022-02-23T20:53:33","slug":"em-itarantim-prefeitura-faz-distribuicao-de-materiais-a-familias-prejudicadas-pelas-chuvas","status":"publish","type":"post","link":"https:\/\/www.cronicasdeitarantim.com.br\/v1\/2022\/02\/23\/em-itarantim-prefeitura-faz-distribuicao-de-materiais-a-familias-prejudicadas-pelas-chuvas\/","title":{"rendered":"Em Itarantim prefeitura faz distribui\u00e7\u00e3o de materiais \u00e0 fam\u00edlias prejudicadas pelas chuvas"},"content":{"rendered":"<h5>A prefeitura de Itarantim distribuiu nesta ter\u00e7a-feira (22) materiais de kits alimenta\u00e7\u00e3o e itens como colch\u00f5es para fam\u00edlias que tiveram seus bens perdidos pelas fortes chuvas que ca\u00edram na cidade nos meses anteriores. O material foi recurso destinado ao munic\u00edpio do governo federal para estes fins. De acordo informa\u00e7\u00f5es do governo, Itarantim n\u00e3o foi contemplada com a\u00e7\u00f5es de constru\u00e7\u00e3o de casas, como outras cidades devastadas na nossa regi\u00e3o. Numa an\u00e1lise pr\u00e9via n\u00e3o constou situa\u00e7\u00e3o de desabamento de resid\u00eancias. S\u00f3 lembrando que o recurso destinado ao munic\u00edpio foi de quase um milh\u00e3o.<\/h5>\n","protected":false},"excerpt":{"rendered":"<p>A prefeitura de Itarantim distribuiu nesta ter\u00e7a-feira (22) materiais de kits alimenta\u00e7\u00e3o e itens como colch\u00f5es para fam\u00edlias que tiveram seus bens perdidos pelas fortes chuvas que ca\u00edram na cidade nos meses anteriores. O material foi recurso destinado ao munic\u00edpio do governo federal para estes fins. De acordo informa\u00e7\u00f5es do governo, Itarantim n\u00e3o foi contemplada com a\u00e7\u00f5es de constru\u00e7\u00e3o de casas, como outras cidades devastadas na nossa regi\u00e3o. Numa an\u00e1lise pr\u00e9via n\u00e3o constou situa\u00e7\u00e3o de desabamento de resid\u00eancias. S\u00f3 lembrando que o recurso destinado ao munic\u00edpio foi de quase um milh\u00e3o.<\/p>\n","protected":false},"author":4,"featured_media":0,"comment_status":"open","ping_status":"open","sticky":false,"template":"","format":"standard","meta":[],"categories":[1450],"tags":[519,385],"_links":{"self":[{"href":"https:\/\/www.cronicasdeitarantim.com.br\/v1\/wp-json\/wp\/v2\/posts\/146082"}],"collection":[{"href":"https:\/\/www.cronicasdeitarantim.com.br\/v1\/wp-json\/wp\/v2\/posts"}],"about":[{"href":"https:\/\/www.cronicasdeitarantim.com.br\/v1\/wp-json\/wp\/v2\/types\/post"}],"author":[{"embeddable":true,"href":"https:\/\/www.cronicasdeitarantim.com.br\/v1\/wp-json\/wp\/v2\/users\/4"}],"replies":[{"embeddable":true,"href":"https:\/\/www.cronicasdeitarantim.com.br\/v1\/wp-json\/wp\/v2\/comments?post=146082"}],"version-history":[{"count":1,"href":"https:\/\/www.cronicasdeitarantim.com.br\/v1\/wp-json\/wp\/v2\/posts\/146082\/revisions"}],"predecessor-version":[{"id":146084,"href":"https:\/\/www.cronicasdeitarantim.com.br\/v1\/wp-json\/wp\/v2\/posts\/146082\/revisions\/146084"}],"wp:attachment":[{"href":"https:\/\/www.cronicasdeitarantim.com.br\/v1\/wp-json\/wp\/v2\/media?parent=146082"}],"wp:term":[{"taxonomy":"category","embeddable":true,"href":"https:\/\/www.cronicasdeitarantim.com.br\/v1\/wp-json\/wp\/v2\/categories?post=146082"},{"taxonomy":"post_tag","embeddable":true,"href":"https:\/\/www.cronicasdeitarantim.com.br\/v1\/wp-json\/wp\/v2\/tags?post=146082"}],"curies":[{"name":"wp","href":"https:\/\/api.w.org\/{rel}","templated":true}]}}