{"id":145821,"date":"2022-02-15T19:17:37","date_gmt":"2022-02-15T22:17:37","guid":{"rendered":"http:\/\/www.cronicasdeitarantim.com.br\/v1\/?p=145821"},"modified":"2022-02-15T19:17:37","modified_gmt":"2022-02-15T22:17:37","slug":"camara-de-vereadores-de-itarantim-comeca-trabalhos-de-2022","status":"publish","type":"post","link":"https:\/\/www.cronicasdeitarantim.com.br\/v1\/2022\/02\/15\/camara-de-vereadores-de-itarantim-comeca-trabalhos-de-2022\/","title":{"rendered":"C\u00e2mara de vereadores de Itarantim come\u00e7a trabalhos de 2022"},"content":{"rendered":"<h5>Deu in\u00edcio os trabalhos do legislativo itarantiense agora, noite de ter\u00e7a-feira (15). A abertura dos trabalhos conta com algumas autoridades, como o procurador do munic\u00edpio, Rodrigo, que ir\u00e1 ler a mensagem do executivo ao legislativo e tamb\u00e9m o presidente do Partido Progressista de Itarantim, Eduardo Almeida (Du). Al\u00e9m das autoridades citadas, tamb\u00e9m est\u00e3o presentes a imprensa local que cobre o dia-a-dia da c\u00e2mara. Foto.<\/h5>\n<p><img decoding=\"async\" loading=\"lazy\" class=\"alignnone size-medium wp-image-145824\" src=\"http:\/\/www.cronicasdeitarantim.com.br\/v1\/wp-content\/uploads\/2022\/02\/IMG-20220215-WA0378-300x225.jpg\" alt=\"\" width=\"300\" height=\"225\" \/><\/p>\n","protected":false},"excerpt":{"rendered":"<p>Deu in\u00edcio os trabalhos do legislativo itarantiense agora, noite de ter\u00e7a-feira (15). A abertura dos trabalhos conta com algumas autoridades, como o procurador do munic\u00edpio, Rodrigo, que ir\u00e1 ler a mensagem do executivo ao legislativo e tamb\u00e9m o presidente do Partido Progressista de Itarantim, Eduardo Almeida (Du). Al\u00e9m das autoridades citadas, tamb\u00e9m est\u00e3o presentes a imprensa local que cobre o dia-a-dia da c\u00e2mara. Foto.<\/p>\n","protected":false},"author":4,"featured_media":0,"comment_status":"open","ping_status":"open","sticky":false,"template":"","format":"standard","meta":[],"categories":[304],"tags":[385,440],"_links":{"self":[{"href":"https:\/\/www.cronicasdeitarantim.com.br\/v1\/wp-json\/wp\/v2\/posts\/145821"}],"collection":[{"href":"https:\/\/www.cronicasdeitarantim.com.br\/v1\/wp-json\/wp\/v2\/posts"}],"about":[{"href":"https:\/\/www.cronicasdeitarantim.com.br\/v1\/wp-json\/wp\/v2\/types\/post"}],"author":[{"embeddable":true,"href":"https:\/\/www.cronicasdeitarantim.com.br\/v1\/wp-json\/wp\/v2\/users\/4"}],"replies":[{"embeddable":true,"href":"https:\/\/www.cronicasdeitarantim.com.br\/v1\/wp-json\/wp\/v2\/comments?post=145821"}],"version-history":[{"count":2,"href":"https:\/\/www.cronicasdeitarantim.com.br\/v1\/wp-json\/wp\/v2\/posts\/145821\/revisions"}],"predecessor-version":[{"id":145825,"href":"https:\/\/www.cronicasdeitarantim.com.br\/v1\/wp-json\/wp\/v2\/posts\/145821\/revisions\/145825"}],"wp:attachment":[{"href":"https:\/\/www.cronicasdeitarantim.com.br\/v1\/wp-json\/wp\/v2\/media?parent=145821"}],"wp:term":[{"taxonomy":"category","embeddable":true,"href":"https:\/\/www.cronicasdeitarantim.com.br\/v1\/wp-json\/wp\/v2\/categories?post=145821"},{"taxonomy":"post_tag","embeddable":true,"href":"https:\/\/www.cronicasdeitarantim.com.br\/v1\/wp-json\/wp\/v2\/tags?post=145821"}],"curies":[{"name":"wp","href":"https:\/\/api.w.org\/{rel}","templated":true}]}}