{"id":145615,"date":"2022-02-05T18:50:23","date_gmt":"2022-02-05T21:50:23","guid":{"rendered":"http:\/\/www.cronicasdeitarantim.com.br\/v1\/?p=145615"},"modified":"2022-02-05T18:50:23","modified_gmt":"2022-02-05T21:50:23","slug":"em-salvador-guarda-municipal-e-sequestrado-em-abrantes-e-encontrado-morto","status":"publish","type":"post","link":"https:\/\/www.cronicasdeitarantim.com.br\/v1\/2022\/02\/05\/em-salvador-guarda-municipal-e-sequestrado-em-abrantes-e-encontrado-morto\/","title":{"rendered":"Em Salvador guarda municipal \u00e9 sequestrado em Abrantes e encontrado morto"},"content":{"rendered":"<p>O corpo do guarda civil municipal de Salvador Thiago Duarte Banhara foi encontrado na manh\u00e3 deste s\u00e1bado (05) nas proximidades da Avenida 29 de Mar\u00e7o, em Nova Bras\u00edlia, Salvador. Segundo a assessoria de imprensa da Pol\u00edcia Civil, o guarda estava com as m\u00e3os amarradas para tr\u00e1s e apresentava marcas de tiros. Thiago foi sequestrado por homens armados na noite de sexta-feira (04) quando estava em um bar em Vila de Abrantes, orla de Cama\u00e7ari.<\/p>\n<p>A namorada de Thiago estaria com ele no momento do crime, mas n\u00e3o foi levada pelos bandidos. Ainda de acordo com a assessoria da Pol\u00edcia Civil, testemunhas e familiares j\u00e1 est\u00e3o sendo ouvidos. O carro da v\u00edtima j\u00e1 foi encontrado e ser\u00e1 periciado no Departamento de Pol\u00edcia T\u00e9cnica (DPT).<\/p>\n<p>A autoria e a motiva\u00e7\u00e3o est\u00e3o sendo investigadas pela Delegacia de Homic\u00eddios M\u00faltiplos (DHM) do Departamento de Homic\u00eddios e Prote\u00e7\u00e3o \u00e0 Pessoa (DHPP).<\/p>\n<p>Por meio de nota, A Prefeitura de Salvador, atrav\u00e9s da Guarda Civil Municipal (GCM), lamentou o falecimento de Thiago, que estava h\u00e1 mais de 13 anos na institui\u00e7\u00e3o e, atualmente, desenvolvia atividades no Grupo Especial de Motocicletas (GEM). \u201cA GCM repudia este caso de viol\u00eancia e se solidariza com todos os colegas de farda, amigos e familiares, e acompanhar\u00e1 de perto as investiga\u00e7\u00f5es para elucida\u00e7\u00e3o do fato\u201d, diz trecho da nota. Fonte Metro1.<\/p>\n","protected":false},"excerpt":{"rendered":"<p>O corpo do guarda civil municipal de Salvador Thiago Duarte Banhara foi encontrado na manh\u00e3 deste s\u00e1bado (05) nas proximidades da Avenida 29 de Mar\u00e7o, em Nova Bras\u00edlia, Salvador. Segundo a assessoria de imprensa da Pol\u00edcia Civil, o guarda estava com as m\u00e3os amarradas para tr\u00e1s e apresentava marcas de tiros. Thiago foi sequestrado por homens armados na noite de sexta-feira (04) quando estava em um bar em Vila de Abrantes, orla de Cama\u00e7ari. A namorada de Thiago estaria com ele no momento do crime, mas n\u00e3o foi levada pelos bandidos. Ainda de acordo com a assessoria da Pol\u00edcia Civil, [&hellip;]<\/p>\n","protected":false},"author":4,"featured_media":0,"comment_status":"open","ping_status":"open","sticky":false,"template":"","format":"standard","meta":[],"categories":[306],"tags":[76],"_links":{"self":[{"href":"https:\/\/www.cronicasdeitarantim.com.br\/v1\/wp-json\/wp\/v2\/posts\/145615"}],"collection":[{"href":"https:\/\/www.cronicasdeitarantim.com.br\/v1\/wp-json\/wp\/v2\/posts"}],"about":[{"href":"https:\/\/www.cronicasdeitarantim.com.br\/v1\/wp-json\/wp\/v2\/types\/post"}],"author":[{"embeddable":true,"href":"https:\/\/www.cronicasdeitarantim.com.br\/v1\/wp-json\/wp\/v2\/users\/4"}],"replies":[{"embeddable":true,"href":"https:\/\/www.cronicasdeitarantim.com.br\/v1\/wp-json\/wp\/v2\/comments?post=145615"}],"version-history":[{"count":2,"href":"https:\/\/www.cronicasdeitarantim.com.br\/v1\/wp-json\/wp\/v2\/posts\/145615\/revisions"}],"predecessor-version":[{"id":145617,"href":"https:\/\/www.cronicasdeitarantim.com.br\/v1\/wp-json\/wp\/v2\/posts\/145615\/revisions\/145617"}],"wp:attachment":[{"href":"https:\/\/www.cronicasdeitarantim.com.br\/v1\/wp-json\/wp\/v2\/media?parent=145615"}],"wp:term":[{"taxonomy":"category","embeddable":true,"href":"https:\/\/www.cronicasdeitarantim.com.br\/v1\/wp-json\/wp\/v2\/categories?post=145615"},{"taxonomy":"post_tag","embeddable":true,"href":"https:\/\/www.cronicasdeitarantim.com.br\/v1\/wp-json\/wp\/v2\/tags?post=145615"}],"curies":[{"name":"wp","href":"https:\/\/api.w.org\/{rel}","templated":true}]}}